{"id":1264,"date":"2018-07-09T12:42:12","date_gmt":"2018-07-09T10:42:12","guid":{"rendered":"http:\/\/poczuj-miete-do-csr.pl\/?p=1264"},"modified":"2018-07-09T12:42:12","modified_gmt":"2018-07-09T10:42:12","slug":"zrob-krok-w-przyszlosc-iii-edycja-konkursu-mfundacji-na-studencka-prace-z-matematyki","status":"publish","type":"post","link":"https:\/\/poczuj-miete-do-csr.pl\/index.php\/2018\/07\/09\/zrob-krok-w-przyszlosc-iii-edycja-konkursu-mfundacji-na-studencka-prace-z-matematyki\/","title":{"rendered":"Zr\u00f3b krok w przysz\u0142o\u015b\u0107! \u2013 III edycja konkursu mFundacji na studenck\u0105 prac\u0119 z matematyki"},"content":{"rendered":"<p><img loading=\"lazy\" decoding=\"async\" class=\"alignnone size-full wp-image-1265\" src=\"http:\/\/poczuj-miete-do-csr.pl\/wp-content\/uploads\/2018\/07\/unnamed.jpg\" alt=\"\" width=\"544\" height=\"373\" \/><\/p>\n<p><strong>Fundacja mBanku po raz trzeci nagrodzi najlepsze prace studenckie z matematyki.\u00a0Zwyci\u0119zca konkursu \u201eKrok w przysz\u0142o\u015b\u0107\u201d otrzyma 20 tys. z\u0142 oraz statuetk\u0119 STEFCIO, powsta\u0142\u0105 na cze\u015b\u0107 wybitnego polskiego matematyka \u2013 Stefana Banacha.<\/strong><\/p>\n<p><strong>\u00a0<\/strong><\/p>\n<p>mFundacja po raz trzeci \u00a0przyzna nagrody w konkursie \u201eKrok w przysz\u0142o\u015b\u0107\u201d za\u00a0prace magisterskie lub licencjackie oraz opublikowane w\u00a0mi\u0119dzynarodowych czasopismach naukowych samodzielne prace z dziedziny matematyki.<\/p>\n<p>&nbsp;<\/p>\n<p>-Jest to konkurs ku czci jed\u00adnego z najwi\u0119kszych polskich\u00a0 matematyk\u00f3w \u2013 Stefana Ba\u00adnacha \u2013 przeznaczony dla ludzi m\u0142odych, jeszcze przed dokto\u00adratem, kt\u00f3rzy entuzjastycznie tworz\u0105 nowe idee i techniki z r\u00f3\u017cnych dziedzin matematy\u00adki oraz przysy\u0142aj\u0105 nam swoje prace magisterskie lub licencjackie. Wiele przysy\u0142a\u00adnych do tej pory prac jest na najwy\u017cszym \u015bwiatowym poziomie matema\u00adtycznym i bez trudu mog\u0105 by\u0107 drukowane w najlep\u00adszych matematycznych czaso\u00adpismach \u2013 wyja\u015bnia Marek Kordos, emerytowany profesor Wydzia\u0142u Matematyki, Informatyki i Mechaniki Uniwersytetu Warszawskiego, pomys\u0142odawca i cz\u0142onek Jury konkursu.<\/p>\n<p>&nbsp;<\/p>\n<p>Zwyci\u0119\u017cczyni\u0105 ubieg\u0142orocznej edycji konkursu zosta\u0142a Agnieszka Hejna z Uniwersytetu Wroc\u0142awskiego. Za prac\u0119 pt. \u201eO zlokalizowanych sharp funkcjach\u201d otrzyma\u0142a nagrod\u0119 w wysoko\u015bci 20 tys. z\u0142 oraz statuetk\u0119 STEFCIO.<\/p>\n<p><strong>\u00a0<\/strong><\/p>\n<p><strong>O konkursie <\/strong><\/p>\n<p><strong>\u00a0<\/strong><\/p>\n<p>Do III edycji konkursu mo\u017cna zg\u0142asza\u0107 prace studenckie z matematyki przedstawione i obronione w 2018 roku.<\/p>\n<p>&nbsp;<\/p>\n<p>Najlepsza praca\u00a0 powinna promowa\u0107 nowatorskie, oryginalne rozwi\u0105zania lub\u00a0wskazywa\u0107 nowe kierunki b\u0105d\u017a metody badawcze. Autor zwyci\u0119skiej otrzyma, opr\u00f3cz nagrody finansowej, statuetk\u0119 STEFCIO. Trofeum symbolizuje wybitnego polskiego matematyka, Stefana Banacha i nawi\u0105zuje do jego wielkich osi\u0105gni\u0119\u0107.<\/p>\n<p>&nbsp;<\/p>\n<p><u>Prace mo\u017cna sk\u0142ada\u0107 <strong>od 30 czerwca do 31 pa\u017adziernika 2018 roku<\/strong>. Og\u0142oszenie finalist\u00f3w nast\u0105pi 30 marca 2019 roku &#8211; w rocznic\u0119 urodzin Stefana Banacha<\/u>.<\/p>\n<p>&nbsp;<\/p>\n<p>Wyr\u00f3\u017cnienia przyznaje Jury pod przewodnictwem prof. Paw\u0142a Strzeleckiego, dziekana Wydzia\u0142u Matematyki, Informatyki i Mechaniki Uniwersytetu Warszawskiego. Pula nagr\u00f3d ufundowanych przez Fundacj\u0119 mBanku wynosi 40 tys. z\u0142: <u>\u00a0nagroda g\u0142\u00f3wna w wysoko\u015bci 20 tys. z\u0142 oraz dwa wyr\u00f3\u017cnienia w wysoko\u015bci po 10 tys. z\u0142<\/u>.<\/p>\n<p>&nbsp;<\/p>\n<p>&nbsp;<\/p>\n<p>Wi\u0119cej informacji o konkursie, regulamin oraz wniosek znale\u017a\u0107 mo\u017cna na stronie: <a href=\"http:\/\/www.mFundacja.pl\">www.mFundacja.pl<\/a>\u00a0 (link do zak\u0142adki: <a href=\"https:\/\/www.mbank.pl\/mfundacja\/krok-w-przyszlosc\/\">https:\/\/www.mbank.pl\/mfundacja\/krok-w-przyszlosc\/<\/a>).<\/p>\n","protected":false},"excerpt":{"rendered":"<p>Fundacja mBanku po raz trzeci nagrodzi najlepsze prace studenckie z matematyki.\u00a0Zwyci\u0119zca konkursu \u201eKrok w przysz\u0142o\u015b\u0107\u201d otrzyma 20 tys. z\u0142 oraz statuetk\u0119 STEFCIO, powsta\u0142\u0105 na cze\u015b\u0107 wybitnego polskiego matematyka \u2013 Stefana Banacha. \u00a0 mFundacja po raz trzeci \u00a0przyzna nagrody w konkursie \u201eKrok w przysz\u0142o\u015b\u0107\u201d za\u00a0prace magisterskie lub licencjackie oraz opublikowane w\u00a0mi\u0119dzynarodowych czasopismach naukowych samodzielne prace z dziedziny matematyki. &nbsp; -Jest to konkurs ku czci jed\u00adnego z najwi\u0119kszych polskich\u00a0 matematyk\u00f3w \u2013 Stefana Ba\u00adnacha \u2013 przeznaczony dla ludzi m\u0142odych, jeszcze przed dokto\u00adratem, kt\u00f3rzy entuzjastycznie tworz\u0105 nowe idee i techniki z r\u00f3\u017cnych dziedzin matematy\u00adki oraz przysy\u0142aj\u0105 nam swoje prace magisterskie lub licencjackie. Wiele przysy\u0142a\u00adnych do tej pory prac jest na najwy\u017cszym \u015bwiatowym poziomie matema\u00adtycznym i bez trudu mog\u0105 by\u0107 drukowane w najlep\u00adszych matematycznych czaso\u00adpismach \u2013 wyja\u015bnia Marek Kordos, emerytowany profesor Wydzia\u0142u Matematyki, Informatyki i Mechaniki Uniwersytetu Warszawskiego, pomys\u0142odawca i cz\u0142onek Jury konkursu. &nbsp; Zwyci\u0119\u017cczyni\u0105 ubieg\u0142orocznej edycji konkursu zosta\u0142a Agnieszka Hejna z Uniwersytetu Wroc\u0142awskiego. Za prac\u0119 pt. \u201eO zlokalizowanych sharp funkcjach\u201d otrzyma\u0142a nagrod\u0119 w wysoko\u015bci 20 tys. z\u0142 oraz statuetk\u0119 STEFCIO. \u00a0 O konkursie \u00a0 Do III edycji konkursu mo\u017cna zg\u0142asza\u0107 prace studenckie z matematyki przedstawione i obronione w 2018 roku. &nbsp; Najlepsza praca\u00a0 powinna promowa\u0107 nowatorskie, oryginalne rozwi\u0105zania lub\u00a0wskazywa\u0107 nowe kierunki b\u0105d\u017a metody badawcze. Autor zwyci\u0119skiej otrzyma, opr\u00f3cz nagrody finansowej, statuetk\u0119 STEFCIO. Trofeum symbolizuje wybitnego polskiego matematyka, Stefana Banacha i nawi\u0105zuje do jego wielkich osi\u0105gni\u0119\u0107. &nbsp; Prace mo\u017cna sk\u0142ada\u0107 od 30 czerwca do 31 pa\u017adziernika 2018 roku. Og\u0142oszenie finalist\u00f3w nast\u0105pi 30 marca 2019 roku &#8211; w rocznic\u0119 urodzin Stefana Banacha. &nbsp; Wyr\u00f3\u017cnienia przyznaje Jury pod przewodnictwem prof. Paw\u0142a Strzeleckiego, dziekana Wydzia\u0142u Matematyki, Informatyki i Mechaniki Uniwersytetu Warszawskiego. Pula nagr\u00f3d ufundowanych przez Fundacj\u0119 mBanku wynosi 40 tys. z\u0142: \u00a0nagroda g\u0142\u00f3wna w wysoko\u015bci 20 tys. z\u0142 oraz dwa wyr\u00f3\u017cnienia w wysoko\u015bci po 10 tys. z\u0142. &nbsp; &nbsp; Wi\u0119cej informacji o konkursie, regulamin oraz wniosek znale\u017a\u0107 mo\u017cna na stronie: www.mFundacja.pl\u00a0 (link do zak\u0142adki: https:\/\/www.mbank.pl\/mfundacja\/krok-w-przyszlosc\/).<\/p>\n","protected":false},"author":1,"featured_media":1265,"comment_status":"open","ping_status":"open","sticky":false,"template":"","format":"standard","meta":{"om_disable_all_campaigns":false,"_monsterinsights_skip_tracking":false,"_monsterinsights_sitenote_active":false,"_monsterinsights_sitenote_note":"","_monsterinsights_sitenote_category":0,"_uf_show_specific_survey":0,"_uf_disable_surveys":false,"footnotes":""},"categories":[1],"tags":[],"class_list":["post-1264","post","type-post","status-publish","format-standard","has-post-thumbnail","hentry","category-uncategorized"],"aioseo_notices":[],"_links":{"self":[{"href":"https:\/\/poczuj-miete-do-csr.pl\/index.php\/wp-json\/wp\/v2\/posts\/1264","targetHints":{"allow":["GET"]}}],"collection":[{"href":"https:\/\/poczuj-miete-do-csr.pl\/index.php\/wp-json\/wp\/v2\/posts"}],"about":[{"href":"https:\/\/poczuj-miete-do-csr.pl\/index.php\/wp-json\/wp\/v2\/types\/post"}],"author":[{"embeddable":true,"href":"https:\/\/poczuj-miete-do-csr.pl\/index.php\/wp-json\/wp\/v2\/users\/1"}],"replies":[{"embeddable":true,"href":"https:\/\/poczuj-miete-do-csr.pl\/index.php\/wp-json\/wp\/v2\/comments?post=1264"}],"version-history":[{"count":0,"href":"https:\/\/poczuj-miete-do-csr.pl\/index.php\/wp-json\/wp\/v2\/posts\/1264\/revisions"}],"wp:featuredmedia":[{"embeddable":true,"href":"https:\/\/poczuj-miete-do-csr.pl\/index.php\/wp-json\/"}],"wp:attachment":[{"href":"https:\/\/poczuj-miete-do-csr.pl\/index.php\/wp-json\/wp\/v2\/media?parent=1264"}],"wp:term":[{"taxonomy":"category","embeddable":true,"href":"https:\/\/poczuj-miete-do-csr.pl\/index.php\/wp-json\/wp\/v2\/categories?post=1264"},{"taxonomy":"post_tag","embeddable":true,"href":"https:\/\/poczuj-miete-do-csr.pl\/index.php\/wp-json\/wp\/v2\/tags?post=1264"}],"curies":[{"name":"wp","href":"https:\/\/api.w.org\/{rel}","templated":true}]}}