{"id":1289,"date":"2018-08-02T07:23:58","date_gmt":"2018-08-02T05:23:58","guid":{"rendered":"http:\/\/poczuj-miete-do-csr.pl\/?p=1289"},"modified":"2018-08-02T07:23:58","modified_gmt":"2018-08-02T05:23:58","slug":"schwarzkopf-professional-doskonali-umiejetnosci-przyszlych-fryzjerow","status":"publish","type":"post","link":"https:\/\/poczuj-miete-do-csr.pl\/index.php\/2018\/08\/02\/schwarzkopf-professional-doskonali-umiejetnosci-przyszlych-fryzjerow\/","title":{"rendered":"Schwarzkopf Professional doskonali umiej\u0119tno\u015bci przysz\u0142ych fryzjer\u00f3w"},"content":{"rendered":"<p><img loading=\"lazy\" decoding=\"async\" class=\"alignnone size-large wp-image-1291\" src=\"http:\/\/poczuj-miete-do-csr.pl\/wp-content\/uploads\/2018\/08\/Shaping-Futures_5-edycja-programu_2-1024x682.jpg\" alt=\"\" width=\"635\" height=\"423\" \/><\/p>\n<p>Zako\u0144czy\u0142a si\u0119 pi\u0105ta polska edycja mi\u0119dzynarodowego programu \u201eShaping Futures\u201d marki Schwarzkopf Professional. Program ma na celu wyposa\u017cenie m\u0142odych adept\u00f3w fryzjerstwa z Technik\u00f3w TEB Edukacja w umiej\u0119tno\u015bci, kt\u00f3re pomog\u0105 im zdoby\u0107 poszukiwany zaw\u00f3d i zapewni\u0107 sobie lepsz\u0105 przysz\u0142o\u015b\u0107. S\u0142u\u017cy tak\u017ce wyr\u00f3wnywaniu szans w dost\u0119pie do profesjonalnej edukacji i wspiera szczeg\u00f3lnie utalentowan\u0105 m\u0142odzie\u017c, znajduj\u0105c\u0105 si\u0119 w trudniej sytuacji \u017cyciowej. Uczestnicy szkole\u0144 b\u0119d\u0105 mieli mo\u017cliwo\u015b\u0107 dalszego rozwijania swoich talent\u00f3w podczas zapewnionych w ramach programu sta\u017cy w salonach partnerskich Schwarzkopf Professional.<\/p>\n<p>W dniach 9-20 lipca w Warszawie odby\u0142y si\u0119 zaj\u0119cia pi\u0105tej ju\u017c polskiej edycji mi\u0119dzynarodowego programu Shaping Futures prowadzonego przez Schwarzkopf Professional. Projekt wpisuje si\u0119 w dzia\u0142ania maj\u0105ce na celu wyr\u00f3wnywanie szans w dost\u0119pie do edukacji w\u015br\u00f3d dzieci i m\u0142odzie\u017cy z najbardziej ekonomicznie i spo\u0142ecznie nieuprzywilejowanych \u015brodowisk w ca\u0142ej Polsce.<\/p>\n<p>Podczas dwutygodniowych zaj\u0119\u0107 wolontariusze, styli\u015bci marki Schwarzkopf Professional, szkolili grup\u0119 uczni\u00f3w klas, kszta\u0142c\u0105cych si\u0119 w zawodzie Technik Us\u0142ug Fryzjerskich, prowadzonych przez Technika TEB Edukacja. Profil warsztat\u00f3w opracowany zosta\u0142 w odpowiedzi na potrzeby konsument\u00f3w coraz cz\u0119\u015bciej oczekuj\u0105cych tego, \u017ce wizyta w salonie fryzjerskim b\u0119dzie spotkaniem z fryzjerem stylist\u0105, kt\u00f3ry nie tylko dokona profesjonalnego strzy\u017cenia czy koloryzacji, ale fachowo doradzi przy wyborze fryzury, koloru czy sposobu piel\u0119gnacji w\u0142os\u00f3w. Najwi\u0119kszy nacisk w programie szkole\u0144 w ramach Shaping Futures zosta\u0142 po\u0142o\u017cony na aspekty praktyczne oraz wiedz\u0119 z zakresu obs\u0142ugi klienta.<\/p>\n<p><img loading=\"lazy\" decoding=\"async\" class=\"alignnone size-large wp-image-1292\" src=\"http:\/\/poczuj-miete-do-csr.pl\/wp-content\/uploads\/2018\/08\/Shaping-Futures_5-edycja-programu_3-1024x682.jpg\" alt=\"\" width=\"635\" height=\"423\" \/><\/p>\n<p><em>&#8211; Zach\u0119camy naszych stylist\u00f3w, \u017ceby dzielili si\u0119 z uczestnikami nie tylko praktyczn\u0105 wiedz\u0105 i tajnikami stylizacji w\u0142os\u00f3w, ale tak\u017ce by zara\u017cali ich swoj\u0105 pasj\u0105 do fryzjerstwa. Aby zwi\u0119kszy\u0107 ich szans\u0119 na sukces, na prac\u0119 w renomowanych salonach czy otwarcie w\u0142asnego, b\u0119dziemy si\u0119 starali zorganizowa\u0107 wszystkim uczestnikom sta\u017ce w salonach partnerskich Schwarzkopf Professional. Program Shaping Futures pozwala nam pomaga\u0107 m\u0142odym ludziom w staraniach o lepsz\u0105 przysz\u0142o\u015b\u0107 w ich wymarzonym zawodzie, jest to dla nas \u017ar\u00f3d\u0142em du\u017cej satysfakcji \u2013 <\/em>m\u00f3wi Pawe\u0142 Zaorski, General Manager Schwarzkopf Professional.<\/p>\n<p><em>\u00a0<\/em>Warsztaty odby\u0142y si\u0119 w siedzibie Akademii ASK Schwarzkopf Professional, nowoczesnym centrum szkoleniowym, w kt\u00f3rym na co dzie\u0144 pod okiem najlepszych \u015bwiatowych ekspert\u00f3w szkol\u0105 si\u0119 profesjonalni fryzjerzy z ca\u0142ego kraju. W ramach zaj\u0119\u0107 uczestnicy mieli okazj\u0119 pozna\u0107 tajniki ci\u0119cia, stylizacji, piel\u0119gnacji i koloryzacji w\u0142os\u00f3w, a tak\u017ce rozwijali umiej\u0119tno\u015bci niezb\u0119dne w zakresie profesjonalnej obs\u0142ugi klienta. Dzi\u0119ki tak wszechstronnemu programowi szkolenie znacz\u0105co przyczyni\u0142o si\u0119 do podniesienia ich kwalifikacji zawodowych. Po zako\u0144czeniu warsztat\u00f3w uczestnicy otrzymali mo\u017cliwo\u015b\u0107 odbycia sta\u017cu w jednym z partnerskich salon\u00f3w fryzjerskich Schwarzkopf Professional w Polsce.<\/p>\n<p><strong>\u00a0<\/strong><strong>\u00a0<img loading=\"lazy\" decoding=\"async\" class=\"alignnone size-large wp-image-1290\" src=\"http:\/\/poczuj-miete-do-csr.pl\/wp-content\/uploads\/2018\/08\/Shaping-Futures_5-edycja-programu_1-1024x682.jpg\" alt=\"\" width=\"635\" height=\"423\" \/><\/strong><\/p>\n<p><strong>O programie i partnerach<\/strong><\/p>\n<p><strong>\u00a0<\/strong><strong>Program \u201eShaping Futures\u201d<\/strong>\u00a0to mi\u0119dzynarodowa inicjatywa nale\u017c\u0105cej do firmy Henkel marki Schwarzkopf Professional. Celem programu jest stworzenie m\u0142odym ludziom szans na lepsz\u0105 przysz\u0142o\u015b\u0107 poprzez nauk\u0119 zawodu fryzjera. Realizacja programu, zak\u0142adaj\u0105cego d\u0142ugotrwa\u0142e zaanga\u017cowanie fryzjer\u00f3w stylist\u00f3w wsp\u00f3\u0142pracuj\u0105cych z mark\u0105 Schwarzkopf Professional, jest mo\u017cliwa dzi\u0119ki finansowemu wsparciu <a href=\"http:\/\/www.fritz.henkel-stiftung.de\/en\/\">Fritz Henkel Stiftung<\/a>, fundacji powo\u0142anej do \u017cycia przez firm\u0119 Henkel.<\/p>\n<p><strong>\u00a0<\/strong><strong>TEB Edukacja sp. z\u00a0o.o.<\/strong>.<\/p>\n<p>Szko\u0142y TEB Edukacja dzia\u0142aj\u0105 na rynku edukacyjnym od blisko 25 lat w oparciu o uprawnienia szk\u00f3\u0142 publicznych, Kszta\u0142cimy w zawodach bran\u017cy medycznej, informatycznej, kosmetycznej, technicznej oraz artystycznej w 44 miastach Polski. Jeste\u015bmy liderem na rynku szk\u00f3\u0142 ponadpodstawowych, zar\u00f3wno pod wzgl\u0119dem jako\u015bci kszta\u0142cenia, jak i liczby absolwent\u00f3w. Nasi s\u0142uchacze wyr\u00f3\u017cniaj\u0105 si\u0119 nie tylko wysokim poziomem wiedzy teoretycznej, ale i dobrym przygotowaniem zawodowym, co potwierdzaj\u0105 zdawane przez nich na wysokim poziomie pa\u0144stwowe egzaminy zawodowe. Rocznie kszta\u0142cimy oko\u0142o 15.000 os\u00f3b w ponad 50 specjalno\u015bciach, stale aktualizowanych pod k\u0105tem zapotrzebowania rynku pracy<\/p>\n<p><em>\u00a0<\/em><strong>Henkel Polska<\/strong><\/p>\n<p>Henkel oferuje na ca\u0142ym \u015bwiecie wiod\u0105ce marki i technologie w trzech obszarach biznesowych: Laundry &amp; Home Care (\u015brodk\u00f3w pior\u0105cych i czysto\u015bci), Beauty Care (kosmetyk\u00f3w) oraz Adhesive Technologies (klej\u00f3w, uszczelniaczy i technologii powierzchniowych). Za\u0142o\u017cona w 1876 roku firma, jest obecna w Polsce od 1990 roku, oferuj\u0105c tak znane marki jak mi\u0119dzy innymi: Persil, Syoss, Schwarzkopf, Ceresit i Loctite. Henkel zatrudnia w Polsce 950 pracownik\u00f3w i posiada 6 centr\u00f3w produkcyjnych oraz mi\u0119dzynarodowe centrum B+R w St\u0105porkowie. Firma jest jednym ze \u015bwiatowych lider\u00f3w zr\u00f3wnowa\u017conego rozwoju. W Polsce cieszy si\u0119 reputacj\u0105 dobrego pracodawcy i firmy odpowiedzialnej spo\u0142ecznie, co potwierdzaj\u0105 liczne niezale\u017cne nagrody i wyr\u00f3\u017cnienia. Jest sygnatariuszem Karty R\u00f3\u017cnorodno\u015bci.<\/p>\n","protected":false},"excerpt":{"rendered":"<p>Zako\u0144czy\u0142a si\u0119 pi\u0105ta polska edycja mi\u0119dzynarodowego programu \u201eShaping Futures\u201d marki Schwarzkopf Professional. Program ma na celu wyposa\u017cenie m\u0142odych adept\u00f3w fryzjerstwa z Technik\u00f3w TEB Edukacja w umiej\u0119tno\u015bci, kt\u00f3re pomog\u0105 im zdoby\u0107 poszukiwany zaw\u00f3d i zapewni\u0107 sobie lepsz\u0105 przysz\u0142o\u015b\u0107. S\u0142u\u017cy tak\u017ce wyr\u00f3wnywaniu szans w dost\u0119pie do profesjonalnej edukacji i wspiera szczeg\u00f3lnie utalentowan\u0105 m\u0142odzie\u017c, znajduj\u0105c\u0105 si\u0119 w trudniej sytuacji \u017cyciowej. Uczestnicy szkole\u0144 b\u0119d\u0105 mieli mo\u017cliwo\u015b\u0107 dalszego rozwijania swoich talent\u00f3w podczas zapewnionych w ramach programu sta\u017cy w salonach partnerskich Schwarzkopf Professional. W dniach 9-20 lipca w Warszawie odby\u0142y si\u0119 zaj\u0119cia pi\u0105tej ju\u017c polskiej edycji mi\u0119dzynarodowego programu Shaping Futures prowadzonego przez Schwarzkopf Professional. Projekt wpisuje si\u0119 w dzia\u0142ania maj\u0105ce na celu wyr\u00f3wnywanie szans w dost\u0119pie do edukacji w\u015br\u00f3d dzieci i m\u0142odzie\u017cy z najbardziej ekonomicznie i spo\u0142ecznie nieuprzywilejowanych \u015brodowisk w ca\u0142ej Polsce. Podczas dwutygodniowych zaj\u0119\u0107 wolontariusze, styli\u015bci marki Schwarzkopf Professional, szkolili grup\u0119 uczni\u00f3w klas, kszta\u0142c\u0105cych si\u0119 w zawodzie Technik Us\u0142ug Fryzjerskich, prowadzonych przez Technika TEB Edukacja. Profil warsztat\u00f3w opracowany zosta\u0142 w odpowiedzi na potrzeby konsument\u00f3w coraz cz\u0119\u015bciej oczekuj\u0105cych tego, \u017ce wizyta w salonie fryzjerskim b\u0119dzie spotkaniem z fryzjerem stylist\u0105, kt\u00f3ry nie tylko dokona profesjonalnego strzy\u017cenia czy koloryzacji, ale fachowo doradzi przy wyborze fryzury, koloru czy sposobu piel\u0119gnacji w\u0142os\u00f3w. Najwi\u0119kszy nacisk w programie szkole\u0144 w ramach Shaping Futures zosta\u0142 po\u0142o\u017cony na aspekty praktyczne oraz wiedz\u0119 z zakresu obs\u0142ugi klienta. &#8211; Zach\u0119camy naszych stylist\u00f3w, \u017ceby dzielili si\u0119 z uczestnikami nie tylko praktyczn\u0105 wiedz\u0105 i tajnikami stylizacji w\u0142os\u00f3w, ale tak\u017ce by zara\u017cali ich swoj\u0105 pasj\u0105 do fryzjerstwa. Aby zwi\u0119kszy\u0107 ich szans\u0119 na sukces, na prac\u0119 w renomowanych salonach czy otwarcie w\u0142asnego, b\u0119dziemy si\u0119 starali zorganizowa\u0107 wszystkim uczestnikom sta\u017ce w salonach partnerskich Schwarzkopf Professional. Program Shaping Futures pozwala nam pomaga\u0107 m\u0142odym ludziom w staraniach o lepsz\u0105 przysz\u0142o\u015b\u0107 w ich wymarzonym zawodzie, jest to dla nas \u017ar\u00f3d\u0142em du\u017cej satysfakcji \u2013 m\u00f3wi Pawe\u0142 Zaorski, General Manager Schwarzkopf Professional. \u00a0Warsztaty odby\u0142y si\u0119 w siedzibie Akademii ASK Schwarzkopf Professional, nowoczesnym centrum szkoleniowym, w kt\u00f3rym na co dzie\u0144 pod okiem najlepszych \u015bwiatowych ekspert\u00f3w szkol\u0105 si\u0119 profesjonalni fryzjerzy z ca\u0142ego kraju. W ramach zaj\u0119\u0107 uczestnicy mieli okazj\u0119 pozna\u0107 tajniki ci\u0119cia, stylizacji, piel\u0119gnacji i koloryzacji w\u0142os\u00f3w, a tak\u017ce rozwijali umiej\u0119tno\u015bci niezb\u0119dne w zakresie profesjonalnej obs\u0142ugi klienta. Dzi\u0119ki tak wszechstronnemu programowi szkolenie znacz\u0105co przyczyni\u0142o si\u0119 do podniesienia ich kwalifikacji zawodowych. Po zako\u0144czeniu warsztat\u00f3w uczestnicy otrzymali mo\u017cliwo\u015b\u0107 odbycia sta\u017cu w jednym z partnerskich salon\u00f3w fryzjerskich Schwarzkopf Professional w Polsce. \u00a0\u00a0 O programie i partnerach \u00a0Program \u201eShaping Futures\u201d\u00a0to mi\u0119dzynarodowa inicjatywa nale\u017c\u0105cej do firmy Henkel marki Schwarzkopf Professional. Celem programu jest stworzenie m\u0142odym ludziom szans na lepsz\u0105 przysz\u0142o\u015b\u0107 poprzez nauk\u0119 zawodu fryzjera. Realizacja programu, zak\u0142adaj\u0105cego d\u0142ugotrwa\u0142e zaanga\u017cowanie fryzjer\u00f3w stylist\u00f3w wsp\u00f3\u0142pracuj\u0105cych z mark\u0105 Schwarzkopf Professional, jest mo\u017cliwa dzi\u0119ki finansowemu wsparciu Fritz Henkel Stiftung, fundacji powo\u0142anej do \u017cycia przez firm\u0119 Henkel. \u00a0TEB Edukacja sp. z\u00a0o.o.. Szko\u0142y TEB Edukacja dzia\u0142aj\u0105 na rynku edukacyjnym od blisko 25 lat w oparciu o uprawnienia szk\u00f3\u0142 publicznych, Kszta\u0142cimy w zawodach bran\u017cy medycznej, informatycznej, kosmetycznej, technicznej oraz artystycznej w 44 miastach Polski. Jeste\u015bmy liderem na rynku szk\u00f3\u0142 ponadpodstawowych, zar\u00f3wno pod wzgl\u0119dem jako\u015bci kszta\u0142cenia, jak i liczby absolwent\u00f3w. Nasi s\u0142uchacze wyr\u00f3\u017cniaj\u0105 si\u0119 nie tylko wysokim poziomem wiedzy teoretycznej, ale i dobrym przygotowaniem zawodowym, co potwierdzaj\u0105 zdawane przez nich na wysokim poziomie pa\u0144stwowe egzaminy zawodowe. Rocznie kszta\u0142cimy oko\u0142o 15.000 os\u00f3b w ponad 50 specjalno\u015bciach, stale aktualizowanych pod k\u0105tem zapotrzebowania rynku pracy \u00a0Henkel Polska Henkel oferuje na ca\u0142ym \u015bwiecie wiod\u0105ce marki i technologie w trzech obszarach biznesowych: Laundry &amp; Home Care (\u015brodk\u00f3w pior\u0105cych i czysto\u015bci), Beauty Care (kosmetyk\u00f3w) oraz Adhesive Technologies (klej\u00f3w, uszczelniaczy i technologii powierzchniowych). Za\u0142o\u017cona w 1876 roku firma, jest obecna w Polsce od 1990 roku, oferuj\u0105c tak znane marki jak mi\u0119dzy innymi: Persil, Syoss, Schwarzkopf, Ceresit i Loctite. Henkel zatrudnia w Polsce 950 pracownik\u00f3w i posiada 6 centr\u00f3w produkcyjnych oraz mi\u0119dzynarodowe centrum B+R w St\u0105porkowie. Firma jest jednym ze \u015bwiatowych lider\u00f3w zr\u00f3wnowa\u017conego rozwoju. W Polsce cieszy si\u0119 reputacj\u0105 dobrego pracodawcy i firmy odpowiedzialnej spo\u0142ecznie, co potwierdzaj\u0105 liczne niezale\u017cne nagrody i wyr\u00f3\u017cnienia. Jest sygnatariuszem Karty R\u00f3\u017cnorodno\u015bci.<\/p>\n","protected":false},"author":1,"featured_media":1291,"comment_status":"open","ping_status":"open","sticky":false,"template":"","format":"standard","meta":{"om_disable_all_campaigns":false,"_monsterinsights_skip_tracking":false,"_monsterinsights_sitenote_active":false,"_monsterinsights_sitenote_note":"","_monsterinsights_sitenote_category":0,"_uf_show_specific_survey":0,"_uf_disable_surveys":false,"footnotes":""},"categories":[1],"tags":[],"class_list":["post-1289","post","type-post","status-publish","format-standard","has-post-thumbnail","hentry","category-uncategorized"],"aioseo_notices":[],"_links":{"self":[{"href":"https:\/\/poczuj-miete-do-csr.pl\/index.php\/wp-json\/wp\/v2\/posts\/1289","targetHints":{"allow":["GET"]}}],"collection":[{"href":"https:\/\/poczuj-miete-do-csr.pl\/index.php\/wp-json\/wp\/v2\/posts"}],"about":[{"href":"https:\/\/poczuj-miete-do-csr.pl\/index.php\/wp-json\/wp\/v2\/types\/post"}],"author":[{"embeddable":true,"href":"https:\/\/poczuj-miete-do-csr.pl\/index.php\/wp-json\/wp\/v2\/users\/1"}],"replies":[{"embeddable":true,"href":"https:\/\/poczuj-miete-do-csr.pl\/index.php\/wp-json\/wp\/v2\/comments?post=1289"}],"version-history":[{"count":0,"href":"https:\/\/poczuj-miete-do-csr.pl\/index.php\/wp-json\/wp\/v2\/posts\/1289\/revisions"}],"wp:featuredmedia":[{"embeddable":true,"href":"https:\/\/poczuj-miete-do-csr.pl\/index.php\/wp-json\/"}],"wp:attachment":[{"href":"https:\/\/poczuj-miete-do-csr.pl\/index.php\/wp-json\/wp\/v2\/media?parent=1289"}],"wp:term":[{"taxonomy":"category","embeddable":true,"href":"https:\/\/poczuj-miete-do-csr.pl\/index.php\/wp-json\/wp\/v2\/categories?post=1289"},{"taxonomy":"post_tag","embeddable":true,"href":"https:\/\/poczuj-miete-do-csr.pl\/index.php\/wp-json\/wp\/v2\/tags?post=1289"}],"curies":[{"name":"wp","href":"https:\/\/api.w.org\/{rel}","templated":true}]}}