{"id":1701,"date":"2019-10-31T11:45:28","date_gmt":"2019-10-31T10:45:28","guid":{"rendered":"http:\/\/poczuj-miete-do-csr.pl\/?p=1701"},"modified":"2019-10-31T11:45:28","modified_gmt":"2019-10-31T10:45:28","slug":"wystartowala-4-edycja-programu-edukacyjnego-maly-swiat-duzego-pieniadza","status":"publish","type":"post","link":"https:\/\/poczuj-miete-do-csr.pl\/index.php\/2019\/10\/31\/wystartowala-4-edycja-programu-edukacyjnego-maly-swiat-duzego-pieniadza\/","title":{"rendered":"Wystartowa\u0142a 4. edycja programu edukacyjnego \u201eMa\u0142y \u015awiat Du\u017cego Pieni\u0105dza\u201d"},"content":{"rendered":"\n<p><strong>W roku szkolnym 2019\/2020 ponad 400 uczni\u00f3w szk\u00f3\u0142 z D\u0119bicy i okolic we\u017amie udzia\u0142 w\u00a0programie edukacyjnym organizowanym przez Fundacj\u0119 \u015anie\u017cki Twoja Szansa. Podczas warsztat\u00f3w dzieci zapoznaj\u0105 si\u0119 z tematami ekonomicznymi, a w ramach podsumowania projektu odwiedz\u0105 Centrum Pieni\u0105dza NBP oraz Centrum Nauki Kopernik.<\/strong><\/p>\n\n\n\n<figure class=\"wp-block-embed-youtube wp-block-embed is-type-video is-provider-youtube wp-embed-aspect-16-9 wp-has-aspect-ratio\"><div class=\"wp-block-embed__wrapper\">\n<iframe loading=\"lazy\" title=\"Wystartowa\u0142a 4. edycja programu edukacyjnego\u201eMa\u0142y \u015awiat Du\u017cego Pieni\u0105dza\u201d\" width=\"960\" height=\"540\" src=\"https:\/\/www.youtube.com\/embed\/RsC7tp4T0ks?feature=oembed\" frameborder=\"0\" allow=\"accelerometer; autoplay; clipboard-write; encrypted-media; gyroscope; picture-in-picture; web-share\" referrerpolicy=\"strict-origin-when-cross-origin\" allowfullscreen><\/iframe>\n<\/div><\/figure>\n\n\n\n<p>\u201eMa\u0142y \u015awiat Du\u017cego\nPieni\u0105dza\u201d to projekt przybli\u017caj\u0105cy uczniom klas czwartych szk\u00f3\u0142 podstawowych\nzagadnienia z zakresu ekonomii i jej wykorzystania w codziennym \u017cyciu, poprzez\nplanowanie wydatk\u00f3w, oszcz\u0119dzanie oraz zarabianie i szacunek do pracy.\nUczestnicy dowiedz\u0105 si\u0119 tak\u017ce o funkcjonowaniu pieni\u0105dza i planowaniu czasu.\nWa\u017cnym zagadnieniem, z kt\u00f3rym w tegorocznej edycji projektu zetkn\u0105 si\u0119 dzieci,\nb\u0119dzie r\u00f3wnie\u017c wolontariat.<\/p>\n\n\n\n<figure class=\"wp-block-image\"><img decoding=\"async\" src=\"http:\/\/poczuj-miete-do-csr.pl\/wp-content\/uploads\/2019\/10\/BN3A4481-1024x520.jpg\" alt=\"\" class=\"wp-image-1702\"\/><\/figure>\n\n\n\n<p>W trakcie roku\nszkolnego uczniowie bior\u0105cy udzia\u0142 w projekcie spotkaj\u0105 si\u0119 6 razy, na 90\nminutowych, inspiruj\u0105cych zaj\u0119ciach, opartych na scenariuszach przygotowanych\nprzez specjalist\u00f3w i nawi\u0105zuj\u0105cych do ksi\u0105\u017cki Patrycji Krzanowskiej \u201e<em>\u015awiat\nPieni\u0105dza\u201d. <\/em>Zaj\u0119cia odb\u0119d\u0105 si\u0119 w formie przyjaznych warsztat\u00f3w, podczas\nkt\u00f3rych dzieci przyswoj\u0105 wiedz\u0119 poprzez zabaw\u0119, prac\u0119 w\u0142asn\u0105 i wsp\u00f3\u0142prac\u0119,\nsamodzielne podejmowanie decyzji oraz dzia\u0142anie. Uczniowie b\u0119d\u0105 mieli mo\u017cliwo\u015b\u0107\nwyrazi\u0107 swoj\u0105 kreatywno\u015b\u0107, pobudzi\u0107 wyobra\u017ani\u0119 i sp\u0119dzi\u0107 czas na aktywnym\ndzia\u0142aniu, przynosz\u0105cym wiele rado\u015bci i satysfakcji.<\/p>\n\n\n\n<figure class=\"wp-block-image\"><img decoding=\"async\" src=\"http:\/\/poczuj-miete-do-csr.pl\/wp-content\/uploads\/2019\/10\/BN3A4339-1024x683.jpg\" alt=\"\" class=\"wp-image-1703\"\/><\/figure>\n\n\n\n<p>\u2013 <em>Bardzo wa\u017cne jest,\naby dzieci jak najwcze\u015bniej zapoznawa\u0142y si\u0119 z ekonomi\u0105 i tematami z ni\u0105\nzwi\u0105zanymi. Po to, by z czasem t\u0119 wiedz\u0119 z po\u017cytkiem wykorzystywa\u0107 w codziennym\n\u017cyciu. Atrakcyjna forma zaj\u0119\u0107 realizowanych w ramach naszego projektu \u201eMa\u0142y\n\u015awiat Du\u017cego Pieni\u0105dza\u201d zach\u0119ca do aktywnego udzia\u0142u i poszerzania horyzont\u00f3w<\/em>\n\u2013 opowiada Anna Mikrut, prezes Fundacji \u015anie\u017cki Twoja Szansa. \u2013 <em>Cieszymy\nsi\u0119, \u017ce w tym roku dotrzemy z naszym programem tak\u017ce do odleglejszych szk\u00f3\u0142 <\/em>\u2013\ndodaje.<\/p>\n\n\n\n<figure class=\"wp-block-image\"><img decoding=\"async\" src=\"http:\/\/poczuj-miete-do-csr.pl\/wp-content\/uploads\/2019\/10\/BN3A4310-1024x683.jpg\" alt=\"\" class=\"wp-image-1704\"\/><\/figure>\n\n\n\n<p>Do udzia\u0142u w tej edycji\nprogramu, realizowanej w roku szkolnym 2019\/2020, zg\u0142osi\u0142o si\u0119 20 szk\u00f3\u0142 z&nbsp;D\u0119bicy\ni okolic, a tak\u017ce \u2013 po raz pierwszy \u2013 szk\u00f3\u0142 po\u0142o\u017conych w gminie Pilzno. W\nzaj\u0119ciach we\u017amie udzia\u0142 \u0142\u0105cznie ponad 400 dzieci z 24 klas.<\/p>\n\n\n\n<figure class=\"wp-block-image\"><img decoding=\"async\" src=\"http:\/\/poczuj-miete-do-csr.pl\/wp-content\/uploads\/2019\/10\/BN3A4317-1024x683.jpg\" alt=\"\" class=\"wp-image-1705\"\/><\/figure>\n\n\n\n<p>Zwie\u0144czeniem projektu\nb\u0119dzie wycieczka do Warszawy sponsorowana przez Fundacj\u0119 \u015anie\u017cki Twoja Szansa.\nMali ekonomi\u015bci b\u0119d\u0105 zwiedza\u0107 miejsca tematycznie zwi\u0105zane z pieni\u0105dzem i\nekonomi\u0105, takie jak Centrum Pieni\u0105dza Narodowego Banku Polskiego i wystaw\u0119\nnaukow\u0105 w Centrum Nauki Kopernik.<\/p>\n\n\n\n<figure class=\"wp-block-image\"><img decoding=\"async\" src=\"http:\/\/poczuj-miete-do-csr.pl\/wp-content\/uploads\/2019\/10\/BN3A4752-1024x683.jpg\" alt=\"\" class=\"wp-image-1706\"\/><\/figure>\n\n\n\n<p>\u201eMa\u0142y \u015awiat Du\u017cego\nPieni\u0105dza\u201d to autorski projekt edukacyjny realizowany od 2016 roku przez\nFundacj\u0119 \u015anie\u017cki Twoja Szansa przy wsparciu Fabryki Farb i Lakier\u00f3w \u015anie\u017cka SA.\nProgram jest adresowany do uczni\u00f3w klas czwartych i ma za zadanie w przyst\u0119pny\nspos\u00f3b przybli\u017cy\u0107 dzieciom podstawowe zagadnienia zwi\u0105zane z ekonomi\u0105. Dzi\u0119ki\nFundacji przygod\u0119 z ekonomi\u0105 prze\u017cy\u0142o ju\u017c ponad 1000 czwartoklasist\u00f3w z 23\nszk\u00f3\u0142 podstawowych.<\/p>\n\n\n\n<figure class=\"wp-block-image\"><img decoding=\"async\" src=\"http:\/\/poczuj-miete-do-csr.pl\/wp-content\/uploads\/2019\/10\/BN3A4481-1-1024x520.jpg\" alt=\"\" class=\"wp-image-1707\"\/><\/figure>\n\n\n\n<p>*****<\/p>\n\n\n\n<p>Fundacja \u015anie\u017cki Twoja\nSzansa to organizacja po\u017cytku publicznego powo\u0142ana do \u017cycia w&nbsp;2005 r. Jej\nfundatorem jest Fabryka Farb i Lakier\u00f3w \u015anie\u017cka SA. Fundacja dzia\u0142a g\u0142\u00f3wnie\nlokalnie (w D\u0119bicy i okolicach), kieruj\u0105c swoje programy spo\u0142eczne oraz\nwsparcie przede wszystkim do dzieci i&nbsp;m\u0142odzie\u017cy. Kluczowymi obszarami\naktywno\u015bci Fundacji s\u0105: edukacja oraz ochrona zdrowia (w tym pomoc osobom\nprzewlekle chorym i&nbsp;niepe\u0142nosprawnym).<\/p>\n\n\n\n<p>Sztandarowym programem\nedukacyjnym Fundacji \u015anie\u017cki jest autorski projekt \u201eMa\u0142y \u015awiat Du\u017cego\nPieni\u0105dza\u201d, kt\u00f3ry w przyst\u0119pny spos\u00f3b przybli\u017ca dzieciom podstawowe zagadnienia\nzwi\u0105zane z&nbsp;finansami i ekonomi\u0105. Od 2016 r. w programie wzi\u0119\u0142o ju\u017c udzia\u0142\nponad 1000 czwartoklasist\u00f3w z kilkudziesi\u0119ciu szk\u00f3\u0142 podstawowych.<\/p>\n\n\n\n<p>Wi\u0119cej o Fundacji\n\u015anie\u017cki mo\u017cna przeczyta\u0107 na stronie internetowej, gdzie publikowane s\u0105 r\u00f3wnie\u017c\nraporty, kt\u00f3re szczeg\u00f3\u0142owo relacjonuj\u0105 dzia\u0142ania zrealizowane przez Fundacj\u0119,\nzasady gospodarowania darowiznami oraz poniesione koszty i wydatki: <a href=\"https:\/\/www.twojaszansa.org.pl\">https:\/\/www.twojaszansa.org.pl<\/a><\/p>\n","protected":false},"excerpt":{"rendered":"<p>W roku szkolnym 2019\/2020 ponad 400 uczni\u00f3w szk\u00f3\u0142 z D\u0119bicy i okolic we\u017amie udzia\u0142 w\u00a0programie edukacyjnym organizowanym przez Fundacj\u0119 \u015anie\u017cki Twoja Szansa. Podczas warsztat\u00f3w dzieci zapoznaj\u0105 si\u0119 z tematami ekonomicznymi, a w ramach podsumowania projektu odwiedz\u0105 Centrum Pieni\u0105dza NBP oraz Centrum Nauki Kopernik. \u201eMa\u0142y \u015awiat Du\u017cego Pieni\u0105dza\u201d to projekt przybli\u017caj\u0105cy uczniom klas czwartych szk\u00f3\u0142 podstawowych zagadnienia z zakresu ekonomii i jej wykorzystania w codziennym \u017cyciu, poprzez planowanie wydatk\u00f3w, oszcz\u0119dzanie oraz zarabianie i szacunek do pracy. Uczestnicy dowiedz\u0105 si\u0119 tak\u017ce o funkcjonowaniu pieni\u0105dza i planowaniu czasu. Wa\u017cnym zagadnieniem, z kt\u00f3rym w tegorocznej edycji projektu zetkn\u0105 si\u0119 dzieci, b\u0119dzie r\u00f3wnie\u017c wolontariat. W trakcie roku szkolnego uczniowie bior\u0105cy udzia\u0142 w projekcie spotkaj\u0105 si\u0119 6 razy, na 90 minutowych, inspiruj\u0105cych zaj\u0119ciach, opartych na scenariuszach przygotowanych przez specjalist\u00f3w i nawi\u0105zuj\u0105cych do ksi\u0105\u017cki Patrycji Krzanowskiej \u201e\u015awiat Pieni\u0105dza\u201d. Zaj\u0119cia odb\u0119d\u0105 si\u0119 w formie przyjaznych warsztat\u00f3w, podczas kt\u00f3rych dzieci przyswoj\u0105 wiedz\u0119 poprzez zabaw\u0119, prac\u0119 w\u0142asn\u0105 i wsp\u00f3\u0142prac\u0119, samodzielne podejmowanie decyzji oraz dzia\u0142anie. Uczniowie b\u0119d\u0105 mieli mo\u017cliwo\u015b\u0107 wyrazi\u0107 swoj\u0105 kreatywno\u015b\u0107, pobudzi\u0107 wyobra\u017ani\u0119 i sp\u0119dzi\u0107 czas na aktywnym dzia\u0142aniu, przynosz\u0105cym wiele rado\u015bci i satysfakcji. \u2013 Bardzo wa\u017cne jest, aby dzieci jak najwcze\u015bniej zapoznawa\u0142y si\u0119 z ekonomi\u0105 i tematami z ni\u0105 zwi\u0105zanymi. Po to, by z czasem t\u0119 wiedz\u0119 z po\u017cytkiem wykorzystywa\u0107 w codziennym \u017cyciu. Atrakcyjna forma zaj\u0119\u0107 realizowanych w ramach naszego projektu \u201eMa\u0142y \u015awiat Du\u017cego Pieni\u0105dza\u201d zach\u0119ca do aktywnego udzia\u0142u i poszerzania horyzont\u00f3w \u2013 opowiada Anna Mikrut, prezes Fundacji \u015anie\u017cki Twoja Szansa. \u2013 Cieszymy si\u0119, \u017ce w tym roku dotrzemy z naszym programem tak\u017ce do odleglejszych szk\u00f3\u0142 \u2013 dodaje. Do udzia\u0142u w tej edycji programu, realizowanej w roku szkolnym 2019\/2020, zg\u0142osi\u0142o si\u0119 20 szk\u00f3\u0142 z&nbsp;D\u0119bicy i okolic, a tak\u017ce \u2013 po raz pierwszy \u2013 szk\u00f3\u0142 po\u0142o\u017conych w gminie Pilzno. W zaj\u0119ciach we\u017amie udzia\u0142 \u0142\u0105cznie ponad 400 dzieci z 24 klas. Zwie\u0144czeniem projektu b\u0119dzie wycieczka do Warszawy sponsorowana przez Fundacj\u0119 \u015anie\u017cki Twoja Szansa. Mali ekonomi\u015bci b\u0119d\u0105 zwiedza\u0107 miejsca tematycznie zwi\u0105zane z pieni\u0105dzem i ekonomi\u0105, takie jak Centrum Pieni\u0105dza Narodowego Banku Polskiego i wystaw\u0119 naukow\u0105 w Centrum Nauki Kopernik. \u201eMa\u0142y \u015awiat Du\u017cego Pieni\u0105dza\u201d to autorski projekt edukacyjny realizowany od 2016 roku przez Fundacj\u0119 \u015anie\u017cki Twoja Szansa przy wsparciu Fabryki Farb i Lakier\u00f3w \u015anie\u017cka SA. Program jest adresowany do uczni\u00f3w klas czwartych i ma za zadanie w przyst\u0119pny spos\u00f3b przybli\u017cy\u0107 dzieciom podstawowe zagadnienia zwi\u0105zane z ekonomi\u0105. Dzi\u0119ki Fundacji przygod\u0119 z ekonomi\u0105 prze\u017cy\u0142o ju\u017c ponad 1000 czwartoklasist\u00f3w z 23 szk\u00f3\u0142 podstawowych. ***** Fundacja \u015anie\u017cki Twoja Szansa to organizacja po\u017cytku publicznego powo\u0142ana do \u017cycia w&nbsp;2005 r. Jej fundatorem jest Fabryka Farb i Lakier\u00f3w \u015anie\u017cka SA. Fundacja dzia\u0142a g\u0142\u00f3wnie lokalnie (w D\u0119bicy i okolicach), kieruj\u0105c swoje programy spo\u0142eczne oraz wsparcie przede wszystkim do dzieci i&nbsp;m\u0142odzie\u017cy. Kluczowymi obszarami aktywno\u015bci Fundacji s\u0105: edukacja oraz ochrona zdrowia (w tym pomoc osobom przewlekle chorym i&nbsp;niepe\u0142nosprawnym). Sztandarowym programem edukacyjnym Fundacji \u015anie\u017cki jest autorski projekt \u201eMa\u0142y \u015awiat Du\u017cego Pieni\u0105dza\u201d, kt\u00f3ry w przyst\u0119pny spos\u00f3b przybli\u017ca dzieciom podstawowe zagadnienia zwi\u0105zane z&nbsp;finansami i ekonomi\u0105. Od 2016 r. w programie wzi\u0119\u0142o ju\u017c udzia\u0142 ponad 1000 czwartoklasist\u00f3w z kilkudziesi\u0119ciu szk\u00f3\u0142 podstawowych. Wi\u0119cej o Fundacji \u015anie\u017cki mo\u017cna przeczyta\u0107 na stronie internetowej, gdzie publikowane s\u0105 r\u00f3wnie\u017c raporty, kt\u00f3re szczeg\u00f3\u0142owo relacjonuj\u0105 dzia\u0142ania zrealizowane przez Fundacj\u0119, zasady gospodarowania darowiznami oraz poniesione koszty i wydatki: https:\/\/www.twojaszansa.org.pl<\/p>\n","protected":false},"author":1,"featured_media":1703,"comment_status":"open","ping_status":"open","sticky":false,"template":"","format":"standard","meta":{"om_disable_all_campaigns":false,"_monsterinsights_skip_tracking":false,"_monsterinsights_sitenote_active":false,"_monsterinsights_sitenote_note":"","_monsterinsights_sitenote_category":0,"_uf_show_specific_survey":0,"_uf_disable_surveys":false,"footnotes":""},"categories":[1],"tags":[],"class_list":["post-1701","post","type-post","status-publish","format-standard","has-post-thumbnail","hentry","category-uncategorized"],"aioseo_notices":[],"_links":{"self":[{"href":"https:\/\/poczuj-miete-do-csr.pl\/index.php\/wp-json\/wp\/v2\/posts\/1701","targetHints":{"allow":["GET"]}}],"collection":[{"href":"https:\/\/poczuj-miete-do-csr.pl\/index.php\/wp-json\/wp\/v2\/posts"}],"about":[{"href":"https:\/\/poczuj-miete-do-csr.pl\/index.php\/wp-json\/wp\/v2\/types\/post"}],"author":[{"embeddable":true,"href":"https:\/\/poczuj-miete-do-csr.pl\/index.php\/wp-json\/wp\/v2\/users\/1"}],"replies":[{"embeddable":true,"href":"https:\/\/poczuj-miete-do-csr.pl\/index.php\/wp-json\/wp\/v2\/comments?post=1701"}],"version-history":[{"count":0,"href":"https:\/\/poczuj-miete-do-csr.pl\/index.php\/wp-json\/wp\/v2\/posts\/1701\/revisions"}],"wp:featuredmedia":[{"embeddable":true,"href":"https:\/\/poczuj-miete-do-csr.pl\/index.php\/wp-json\/"}],"wp:attachment":[{"href":"https:\/\/poczuj-miete-do-csr.pl\/index.php\/wp-json\/wp\/v2\/media?parent=1701"}],"wp:term":[{"taxonomy":"category","embeddable":true,"href":"https:\/\/poczuj-miete-do-csr.pl\/index.php\/wp-json\/wp\/v2\/categories?post=1701"},{"taxonomy":"post_tag","embeddable":true,"href":"https:\/\/poczuj-miete-do-csr.pl\/index.php\/wp-json\/wp\/v2\/tags?post=1701"}],"curies":[{"name":"wp","href":"https:\/\/api.w.org\/{rel}","templated":true}]}}