{"id":1844,"date":"2020-03-25T00:34:16","date_gmt":"2020-03-24T23:34:16","guid":{"rendered":"http:\/\/poczuj-miete-do-csr.pl\/?p=1844"},"modified":"2020-03-25T00:34:16","modified_gmt":"2020-03-24T23:34:16","slug":"specjalne-godziny-na-zakupy-dla-seniorow-w-tesco","status":"publish","type":"post","link":"https:\/\/poczuj-miete-do-csr.pl\/index.php\/2020\/03\/25\/specjalne-godziny-na-zakupy-dla-seniorow-w-tesco\/","title":{"rendered":"Specjalne godziny na zakupy dla senior\u00f3w w Tesco"},"content":{"rendered":"\n<p><strong>Zgodnie z zaleceniami osoby z grupy\npodwy\u017cszonego ryzyka &nbsp;powinny jak\nnajmniej wychodzi\u0107 z dom\u00f3w &#8211; jednak nie zawsze jest to mo\u017cliwe. Aby wesprze\u0107\nosoby wymagaj\u0105ce szczeg\u00f3lnej uwagi, Tesco wprowadza specjalne godziny <a>na zakupy dla os\u00f3b z grupy podwy\u017cszonego ryzyka, w\nszczeg\u00f3lno\u015bci dla os\u00f3b starszych<\/a>. Akcja rozpoczyna si\u0119 ju\u017c jutro i b\u0119dzie\nprowadzona codziennie we wszystkich sklepach sieci handlowej w Polsce w\ngodzinach 9-10. <\/strong><\/p>\n\n\n\n<figure class=\"wp-block-image\"><img decoding=\"async\" src=\"http:\/\/poczuj-miete-do-csr.pl\/wp-content\/uploads\/2020\/03\/Specjalne-godziny-na-zakupy-dla-senior\u00f3w-w-Tesco_zdj\u0119cie-704x1024.jpg\" alt=\"\" class=\"wp-image-1845\"\/><figcaption>Looking a little lost, a senior woman looks at products on the shelves of a supermarket.<\/figcaption><\/figure>\n\n\n\n<p>Akcja jest apelem do wszystkich klient\u00f3w, a jej celem jest\numo\u017cliwienie osobom starszym szybkie i sprawne zrobienie najpilniejszych\nzakup\u00f3w. <a>Dzi\u0119ki temu b\u0119d\u0105 mogli szybciej wr\u00f3ci\u0107 do domu\ni b\u0119d\u0105 mniej nara\u017ceni na zara\u017cenie koronawirusem. <\/a>W\ntrakcie specjalnych godzin sklepy Tesco pozostan\u0105 otwarte dla wszystkich\nklient\u00f3w, ale sie\u0107 handlowa prosi swoich pozosta\u0142ych klient\u00f3w o zrozumienie i\nust\u0119powanie pierwsze\u0144stwa osobom starszym w wyznaczonym czasie. <\/p>\n\n\n\n<p><em>Jeste\u015bmy\nw pe\u0142ni skoncentrowani na zapewnieniu bezpiecze\u0144stwa naszym pracownikom i\nklientom. Wiemy te\u017c, \u017ce w\u015br\u00f3d naszych klient\u00f3w s\u0105 osoby wymagaj\u0105ce od nas\nwszystkich szczeg\u00f3lnej uwagi. Wprowadzaj\u0105c specjaln\u0105 godzin\u0119 ka\u017cdego dnia\nchcemy umo\u017cliwi\u0107 im zrobienie niezb\u0119dnych zakup\u00f3w i zapewni\u0107 komfort oraz\nbezpieczny dost\u0119p do potrzebnych produkt\u00f3w. Wierzymy, \u017ce nasi klienci wespr\u0105\nnasze dzia\u0142ania i ust\u0105pi\u0105 pierwsze\u0144stwa osobom starszym. W tym szczeg\u00f3lnym\nokresie bardziej ni\u017c kiedykolwiek musimy skupi\u0107 si\u0119 na wzajemnej pomocy i\nsolidarno\u015bci. \u2013<\/em>\nt\u0142umaczy Daria Kuli\u0144ska, Dyrektor ds. komunikacji w Tesco Polska.&nbsp; <\/p>\n\n\n\n<p><em>Od pocz\u0105tku epidemii koronawirusa eksperci podkre\u015blaj\u0105, \u017ce najbardziej nara\u017con\u0105 grup\u0105 na zara\u017cenie s\u0105 osoby starsze, dlatego w tych trudnych chwilach wsparcie senior\u00f3w jest szczeg\u00f3lnie istotne. Bardzo cz\u0119sto osoby starsze nie maj\u0105 bliskich, kt\u00f3re mog\u0142yby im pom\u00f3c i musz\u0105 same zadba\u0107 o \u017cywno\u015b\u0107. Wychodz\u0105c, za ka\u017cdym razem nara\u017caj\u0105 si\u0119 na zaka\u017cenie stoj\u0105c w t\u0142umie lub w kolejkach. Dzi\u0119ki specjalnym godzinom w Tesco b\u0119d\u0105 mogli poczu\u0107 si\u0119 bezpieczniej i spokojnie zrobi\u0107 zakupy<\/em> \u2013 podkre\u015bla Bartosz Kulisz z Caritas Polska.<br \/><\/p>\n\n\n\n<p><strong>Tesco Polska <\/strong>to sie\u0107 330 sklep\u00f3w na codzienne zakupy \u2013\nsupermarket\u00f3w i hipermarket\u00f3w kompaktowych \u2013 dzia\u0142aj\u0105ca na polskim rynku ju\u017c od\nponad 20 lat. Firma od lat konsekwentnie anga\u017cuje si\u0119 w dzia\u0142ania spo\u0142eczne\nprowadz\u0105c programy edukacyjne, promuj\u0105c zdrowy styl \u017cycia oraz podejmuj\u0105c wiele\ninicjatyw spo\u0142ecznych, takich jak walka z marnowaniem \u017cywno\u015bci nie tylko w\nramach w\u0142asnej sieci, ale w ca\u0142ym \u0142a\u0144cuchu dostaw.<\/p>\n\n\n\n<p>Wi\u0119cej informacji: <a href=\"http:\/\/www.tesco-polska.pl\">www.tesco-polska.pl<\/a> <\/p>\n","protected":false},"excerpt":{"rendered":"<p>Zgodnie z zaleceniami osoby z grupy podwy\u017cszonego ryzyka &nbsp;powinny jak najmniej wychodzi\u0107 z dom\u00f3w &#8211; jednak nie zawsze jest to mo\u017cliwe. Aby wesprze\u0107 osoby wymagaj\u0105ce szczeg\u00f3lnej uwagi, Tesco wprowadza specjalne godziny na zakupy dla os\u00f3b z grupy podwy\u017cszonego ryzyka, w szczeg\u00f3lno\u015bci dla os\u00f3b starszych. Akcja rozpoczyna si\u0119 ju\u017c jutro i b\u0119dzie prowadzona codziennie we wszystkich sklepach sieci handlowej w Polsce w godzinach 9-10. Akcja jest apelem do wszystkich klient\u00f3w, a jej celem jest umo\u017cliwienie osobom starszym szybkie i sprawne zrobienie najpilniejszych zakup\u00f3w. Dzi\u0119ki temu b\u0119d\u0105 mogli szybciej wr\u00f3ci\u0107 do domu i b\u0119d\u0105 mniej nara\u017ceni na zara\u017cenie koronawirusem. W trakcie specjalnych godzin sklepy Tesco pozostan\u0105 otwarte dla wszystkich klient\u00f3w, ale sie\u0107 handlowa prosi swoich pozosta\u0142ych klient\u00f3w o zrozumienie i ust\u0119powanie pierwsze\u0144stwa osobom starszym w wyznaczonym czasie. Jeste\u015bmy w pe\u0142ni skoncentrowani na zapewnieniu bezpiecze\u0144stwa naszym pracownikom i klientom. Wiemy te\u017c, \u017ce w\u015br\u00f3d naszych klient\u00f3w s\u0105 osoby wymagaj\u0105ce od nas wszystkich szczeg\u00f3lnej uwagi. Wprowadzaj\u0105c specjaln\u0105 godzin\u0119 ka\u017cdego dnia chcemy umo\u017cliwi\u0107 im zrobienie niezb\u0119dnych zakup\u00f3w i zapewni\u0107 komfort oraz bezpieczny dost\u0119p do potrzebnych produkt\u00f3w. Wierzymy, \u017ce nasi klienci wespr\u0105 nasze dzia\u0142ania i ust\u0105pi\u0105 pierwsze\u0144stwa osobom starszym. W tym szczeg\u00f3lnym okresie bardziej ni\u017c kiedykolwiek musimy skupi\u0107 si\u0119 na wzajemnej pomocy i solidarno\u015bci. \u2013 t\u0142umaczy Daria Kuli\u0144ska, Dyrektor ds. komunikacji w Tesco Polska.&nbsp; Od pocz\u0105tku epidemii koronawirusa eksperci podkre\u015blaj\u0105, \u017ce najbardziej nara\u017con\u0105 grup\u0105 na zara\u017cenie s\u0105 osoby starsze, dlatego w tych trudnych chwilach wsparcie senior\u00f3w jest szczeg\u00f3lnie istotne. Bardzo cz\u0119sto osoby starsze nie maj\u0105 bliskich, kt\u00f3re mog\u0142yby im pom\u00f3c i musz\u0105 same zadba\u0107 o \u017cywno\u015b\u0107. Wychodz\u0105c, za ka\u017cdym razem nara\u017caj\u0105 si\u0119 na zaka\u017cenie stoj\u0105c w t\u0142umie lub w kolejkach. Dzi\u0119ki specjalnym godzinom w Tesco b\u0119d\u0105 mogli poczu\u0107 si\u0119 bezpieczniej i spokojnie zrobi\u0107 zakupy \u2013 podkre\u015bla Bartosz Kulisz z Caritas Polska. Tesco Polska to sie\u0107 330 sklep\u00f3w na codzienne zakupy \u2013 supermarket\u00f3w i hipermarket\u00f3w kompaktowych \u2013 dzia\u0142aj\u0105ca na polskim rynku ju\u017c od ponad 20 lat. Firma od lat konsekwentnie anga\u017cuje si\u0119 w dzia\u0142ania spo\u0142eczne prowadz\u0105c programy edukacyjne, promuj\u0105c zdrowy styl \u017cycia oraz podejmuj\u0105c wiele inicjatyw spo\u0142ecznych, takich jak walka z marnowaniem \u017cywno\u015bci nie tylko w ramach w\u0142asnej sieci, ale w ca\u0142ym \u0142a\u0144cuchu dostaw. Wi\u0119cej informacji: www.tesco-polska.pl<\/p>\n","protected":false},"author":1,"featured_media":1845,"comment_status":"open","ping_status":"open","sticky":false,"template":"","format":"standard","meta":{"om_disable_all_campaigns":false,"_monsterinsights_skip_tracking":false,"_monsterinsights_sitenote_active":false,"_monsterinsights_sitenote_note":"","_monsterinsights_sitenote_category":0,"_uf_show_specific_survey":0,"_uf_disable_surveys":false,"footnotes":""},"categories":[1],"tags":[],"class_list":["post-1844","post","type-post","status-publish","format-standard","has-post-thumbnail","hentry","category-uncategorized"],"aioseo_notices":[],"_links":{"self":[{"href":"https:\/\/poczuj-miete-do-csr.pl\/index.php\/wp-json\/wp\/v2\/posts\/1844","targetHints":{"allow":["GET"]}}],"collection":[{"href":"https:\/\/poczuj-miete-do-csr.pl\/index.php\/wp-json\/wp\/v2\/posts"}],"about":[{"href":"https:\/\/poczuj-miete-do-csr.pl\/index.php\/wp-json\/wp\/v2\/types\/post"}],"author":[{"embeddable":true,"href":"https:\/\/poczuj-miete-do-csr.pl\/index.php\/wp-json\/wp\/v2\/users\/1"}],"replies":[{"embeddable":true,"href":"https:\/\/poczuj-miete-do-csr.pl\/index.php\/wp-json\/wp\/v2\/comments?post=1844"}],"version-history":[{"count":0,"href":"https:\/\/poczuj-miete-do-csr.pl\/index.php\/wp-json\/wp\/v2\/posts\/1844\/revisions"}],"wp:featuredmedia":[{"embeddable":true,"href":"https:\/\/poczuj-miete-do-csr.pl\/index.php\/wp-json\/"}],"wp:attachment":[{"href":"https:\/\/poczuj-miete-do-csr.pl\/index.php\/wp-json\/wp\/v2\/media?parent=1844"}],"wp:term":[{"taxonomy":"category","embeddable":true,"href":"https:\/\/poczuj-miete-do-csr.pl\/index.php\/wp-json\/wp\/v2\/categories?post=1844"},{"taxonomy":"post_tag","embeddable":true,"href":"https:\/\/poczuj-miete-do-csr.pl\/index.php\/wp-json\/wp\/v2\/tags?post=1844"}],"curies":[{"name":"wp","href":"https:\/\/api.w.org\/{rel}","templated":true}]}}