{"id":2022,"date":"2021-01-19T13:03:21","date_gmt":"2021-01-19T12:03:21","guid":{"rendered":"http:\/\/poczuj-miete-do-csr.pl\/?p=2022"},"modified":"2021-01-19T13:03:21","modified_gmt":"2021-01-19T12:03:21","slug":"piecza-w-tok-fm-pierwszy-radiowy-serial-dokumentalny-agory-o-dzieciach-ktore-glosu-nie-maja","status":"publish","type":"post","link":"https:\/\/poczuj-miete-do-csr.pl\/index.php\/2021\/01\/19\/piecza-w-tok-fm-pierwszy-radiowy-serial-dokumentalny-agory-o-dzieciach-ktore-glosu-nie-maja\/","title":{"rendered":"\u201ePiecza\u201d w TOK FM &#8211; pierwszy radiowy serial dokumentalny Agory. O dzieciach, kt\u00f3re g\u0142osu nie maj\u0105"},"content":{"rendered":"\n<h3 class=\"wp-block-heading\"><strong>Dzi\u015b &#8211; we wtorek, 19 stycznia 2021 r. o godz. 12:00 swoj\u0105 premier\u0119 b\u0119dzie mie\u0107 \u201ePiecza\u201d. To radiowy serial dokumentalny, w kt\u00f3rym co wtorek przez cztery kolejne tygodnie Micha\u0142 Janczura opowie o pieczy zast\u0119pczej &#8211; systemie, do kt\u00f3rego co roku trafiaj\u0105 setki dzieci. Odcink\u00f3w serialu b\u0119dzie mo\u017cna s\u0142ucha\u0107&nbsp;na platformie podcastowej TOK FM &#8211; na&nbsp;<a rel=\"noreferrer noopener\" href=\"http:\/\/tokfm.pl\/\" target=\"_blank\">tokfm.pl<\/a>&nbsp;i w aplikacji TOK FM, a tak\u017ce na antenie stacji w audycji \u201eMikrofon TOK FM\u201d.<\/strong>&nbsp;<\/h3>\n\n\n\n<figure class=\"wp-block-gallery columns-1 is-cropped wp-block-gallery-1 is-layout-flex wp-block-gallery-is-layout-flex\"><ul class=\"blocks-gallery-grid\"><li class=\"blocks-gallery-item\"><figure><img decoding=\"async\" src=\"http:\/\/poczuj-miete-do-csr.pl\/wp-content\/uploads\/2021\/03\/2000x1500_cover_piecza-1024x768.png\" alt=\"\" data-id=\"2024\" data-full-url=\"http:\/\/poczuj-miete-do-csr.pl\/wp-content\/uploads\/2021\/03\/2000x1500_cover_piecza.png\" data-link=\"http:\/\/poczuj-miete-do-csr.pl\/?attachment_id=2024\" class=\"wp-image-2024\"\/><\/figure><\/li><\/ul><\/figure>\n\n\n\n<p>W czerwcu 2019 r. asystentka rodziny z Piaseczna zg\u0142asza, \u017ce sze\u015bciorgu rodze\u0144stwa dzieje si\u0119 krzywda, \u017ce trzeba je zabra\u0107 z domu rodzinnego. I \u017ce zabezpieczy\u0107 trzeba tak\u017ce mieszkaj\u0105ce tam psy. Pi\u0119\u0107 miesi\u0119cy p\u00f3\u017aniej, w listopadzie psy s\u0105 ju\u017c bezpieczne. Dzieci na pomoc musz\u0105 czeka\u0107 jeszcze cztery miesi\u0105ce &#8211; a\u017c do lutego 2020 r.&nbsp;<\/p>\n\n\n\n<p>Radiowy serial \u201ePiecza\u201d opowiada o pe\u0142nym absurd\u00f3w, niedor\u00f3bek i nielogiczno\u015bci systemie, w kt\u00f3rym dziecko nie jest podmiotem, ale przedmiotem. Przez pryzmat historii konkretnych dzieci i konkretnych rodzin autor dokumentu Micha\u0142 Janczura wyja\u015bnia, jak skonstruowany jest system pieczy zast\u0119pczej, do kt\u00f3rego trafiaj\u0105 dzieci opuszczaj\u0105ce rodziny biologiczne. A tak\u017ce jak bardzo, nieraz za wszelk\u0105 cen\u0119 i wbrew wszystkiemu, system stara si\u0119 ich do siebie nie przyj\u0105\u0107.&nbsp;<\/p>\n\n\n\n<p>Ka\u017cdy z odcink\u00f3w serialu po\u015bwi\u0119cony jest innej cz\u0119\u015bci tego systemu &#8211; zmienia\u0107 si\u0119 w nich b\u0119d\u0105 bohaterowie, czyli odwiedzane przez Micha\u0142a Janczur\u0119 rodziny i przepytywani z procedur urz\u0119dnicy. S\u0142uchacze us\u0142ysz\u0105 nieraz wstrz\u0105saj\u0105ce historie dzieci, kt\u00f3rych zawiod\u0142y najbli\u017csze im osoby. Niestety, nie wszystkie z tych opowie\u015bci maj\u0105 szcz\u0119\u015bliwe zako\u0144czenie.&nbsp;<\/p>\n\n\n\n<p>Pierwszy odcinek \u201ePieczy\u201d zatytu\u0142owany \u201eRodzina jest \u015bwi\u0119ta\u201d, to brama do systemu. Pojawi\u0105 si\u0119 w nim ju\u017c konkretne przyk\u0142ady rodzin, dzieci i ich historii, kt\u00f3re bywaj\u0105 tak nieprawdopodobne, \u017ce a\u017c trudno uwierzy\u0107, \u017ce wydarzy\u0142y lub wci\u0105\u017c wydarzaj\u0105 si\u0119 naprawd\u0119.&nbsp;&nbsp;<\/p>\n\n\n\n<p>Co wtorek, przez cztery kolejne tygodnie, na&nbsp;<a href=\"http:\/\/tokfm.pl\/\" target=\"_blank\" rel=\"noreferrer noopener\">tokfm.pl<\/a>&nbsp;i w aplikacji TOK FM redakcja rozg\u0142o\u015bni publikowa\u0107 b\u0119dzie kolejne odcinki serialu. Premiera pierwszej cz\u0119\u015bci nast\u0105pi 19 stycznia w samo po\u0142udnie.&nbsp;Opr\u00f3cz tego pierwszy odcinek \u201ePieczy\u201d b\u0119dzie dost\u0119pny te\u017c w ramach podcastu TOK FM Select na platformach podcastowych.&nbsp;<\/p>\n\n\n\n<p>Serialu \u201ePiecza\u201d b\u0119dzie mo\u017cna r\u00f3wnie\u017c pos\u0142ucha\u0107 na antenie TOK FM &#8211; kolejne odcinki emitowane b\u0119d\u0105 w dniu premiery w ramach audycji \u201eMikrofon TOK FM\u201d po godzinie 20:00.&nbsp;<\/p>\n\n\n\n<p>To pierwszy radiowy serial dokumentalny przygotowany przez Radio TOK FM i Grup\u0119 Radiow\u0105 Agory oraz udost\u0119pniany w takiej formule.&nbsp;<\/p>\n\n\n\n<p>Autorem i prowadz\u0105cym serial dokumentalny \u201ePiecza\u201d jest dziennikarz Radia TOK FM Micha\u0142 Janczura; w researchu wspomaga\u0142 go Micha\u0142 Tomasik. Za produkcj\u0119 odpowiada Magdalena Birecka, a za&nbsp;ud\u017awi\u0119kowienie serialu Jarek Gawlik.&nbsp;Grafiki i identyfikacj\u0119 wizualn\u0105 serialu przygotowa\u0142 Andrzej Pi\u0142atowicz.&nbsp;<\/p>\n\n\n\n<p>Premier\u0119 serialu \u201ePiecza\u201d wspiera promocja antenowa w Radiu TOK FM, a tak\u017ce kampania na antenie stacji, na&nbsp;<a href=\"http:\/\/tokfm.pl\/\" target=\"_blank\" rel=\"noreferrer noopener\">tokfm.pl<\/a>&nbsp;oraz na profilach w mediach spo\u0142eczno\u015bciowych TOK FM.&nbsp;<\/p>\n\n\n\n<p><strong>Radio TOK FM&nbsp;<\/strong>&#8211; Pierwsze Radio Informacyjne jest opiniotw\u00f3rczym radiem \u201em\u00f3wionym\u201d, w kt\u00f3rym s\u0142owo stanowi oko\u0142o 90% programu antenowego. Stacja intensywnie rozwija swoj\u0105 ofert\u0119 premium, a liczba wykupionych dost\u0119p\u00f3w Premium TOK FM dynamicznie ro\u015bnie \u2013 obecnie wynosi ponad 24 tys.&nbsp;<\/p>\n\n\n\n<p><\/p>\n","protected":false},"excerpt":{"rendered":"<p>Dzi\u015b &#8211; we wtorek, 19 stycznia 2021 r. o godz. 12:00 swoj\u0105 premier\u0119 b\u0119dzie mie\u0107 \u201ePiecza\u201d. To radiowy serial dokumentalny, w kt\u00f3rym co wtorek przez cztery kolejne tygodnie Micha\u0142 Janczura opowie o pieczy zast\u0119pczej &#8211; systemie, do kt\u00f3rego co roku trafiaj\u0105 setki dzieci. Odcink\u00f3w serialu b\u0119dzie mo\u017cna s\u0142ucha\u0107&nbsp;na platformie podcastowej TOK FM &#8211; na&nbsp;tokfm.pl&nbsp;i w aplikacji TOK FM, a tak\u017ce na antenie stacji w audycji \u201eMikrofon TOK FM\u201d.&nbsp; W czerwcu 2019 r. asystentka rodziny z Piaseczna zg\u0142asza, \u017ce sze\u015bciorgu rodze\u0144stwa dzieje si\u0119 krzywda, \u017ce trzeba je zabra\u0107 z domu rodzinnego. I \u017ce zabezpieczy\u0107 trzeba tak\u017ce mieszkaj\u0105ce tam psy. Pi\u0119\u0107 miesi\u0119cy p\u00f3\u017aniej, w listopadzie psy s\u0105 ju\u017c bezpieczne. Dzieci na pomoc musz\u0105 czeka\u0107 jeszcze cztery miesi\u0105ce &#8211; a\u017c do lutego 2020 r.&nbsp; Radiowy serial \u201ePiecza\u201d opowiada o pe\u0142nym absurd\u00f3w, niedor\u00f3bek i nielogiczno\u015bci systemie, w kt\u00f3rym dziecko nie jest podmiotem, ale przedmiotem. Przez pryzmat historii konkretnych dzieci i konkretnych rodzin autor dokumentu Micha\u0142 Janczura wyja\u015bnia, jak skonstruowany jest system pieczy zast\u0119pczej, do kt\u00f3rego trafiaj\u0105 dzieci opuszczaj\u0105ce rodziny biologiczne. A tak\u017ce jak bardzo, nieraz za wszelk\u0105 cen\u0119 i wbrew wszystkiemu, system stara si\u0119 ich do siebie nie przyj\u0105\u0107.&nbsp; Ka\u017cdy z odcink\u00f3w serialu po\u015bwi\u0119cony jest innej cz\u0119\u015bci tego systemu &#8211; zmienia\u0107 si\u0119 w nich b\u0119d\u0105 bohaterowie, czyli odwiedzane przez Micha\u0142a Janczur\u0119 rodziny i przepytywani z procedur urz\u0119dnicy. S\u0142uchacze us\u0142ysz\u0105 nieraz wstrz\u0105saj\u0105ce historie dzieci, kt\u00f3rych zawiod\u0142y najbli\u017csze im osoby. Niestety, nie wszystkie z tych opowie\u015bci maj\u0105 szcz\u0119\u015bliwe zako\u0144czenie.&nbsp; Pierwszy odcinek \u201ePieczy\u201d zatytu\u0142owany \u201eRodzina jest \u015bwi\u0119ta\u201d, to brama do systemu. Pojawi\u0105 si\u0119 w nim ju\u017c konkretne przyk\u0142ady rodzin, dzieci i ich historii, kt\u00f3re bywaj\u0105 tak nieprawdopodobne, \u017ce a\u017c trudno uwierzy\u0107, \u017ce wydarzy\u0142y lub wci\u0105\u017c wydarzaj\u0105 si\u0119 naprawd\u0119.&nbsp;&nbsp; Co wtorek, przez cztery kolejne tygodnie, na&nbsp;tokfm.pl&nbsp;i w aplikacji TOK FM redakcja rozg\u0142o\u015bni publikowa\u0107 b\u0119dzie kolejne odcinki serialu. Premiera pierwszej cz\u0119\u015bci nast\u0105pi 19 stycznia w samo po\u0142udnie.&nbsp;Opr\u00f3cz tego pierwszy odcinek \u201ePieczy\u201d b\u0119dzie dost\u0119pny te\u017c w ramach podcastu TOK FM Select na platformach podcastowych.&nbsp; Serialu \u201ePiecza\u201d b\u0119dzie mo\u017cna r\u00f3wnie\u017c pos\u0142ucha\u0107 na antenie TOK FM &#8211; kolejne odcinki emitowane b\u0119d\u0105 w dniu premiery w ramach audycji \u201eMikrofon TOK FM\u201d po godzinie 20:00.&nbsp; To pierwszy radiowy serial dokumentalny przygotowany przez Radio TOK FM i Grup\u0119 Radiow\u0105 Agory oraz udost\u0119pniany w takiej formule.&nbsp; Autorem i prowadz\u0105cym serial dokumentalny \u201ePiecza\u201d jest dziennikarz Radia TOK FM Micha\u0142 Janczura; w researchu wspomaga\u0142 go Micha\u0142 Tomasik. Za produkcj\u0119 odpowiada Magdalena Birecka, a za&nbsp;ud\u017awi\u0119kowienie serialu Jarek Gawlik.&nbsp;Grafiki i identyfikacj\u0119 wizualn\u0105 serialu przygotowa\u0142 Andrzej Pi\u0142atowicz.&nbsp; Premier\u0119 serialu \u201ePiecza\u201d wspiera promocja antenowa w Radiu TOK FM, a tak\u017ce kampania na antenie stacji, na&nbsp;tokfm.pl&nbsp;oraz na profilach w mediach spo\u0142eczno\u015bciowych TOK FM.&nbsp; Radio TOK FM&nbsp;&#8211; Pierwsze Radio Informacyjne jest opiniotw\u00f3rczym radiem \u201em\u00f3wionym\u201d, w kt\u00f3rym s\u0142owo stanowi oko\u0142o 90% programu antenowego. Stacja intensywnie rozwija swoj\u0105 ofert\u0119 premium, a liczba wykupionych dost\u0119p\u00f3w Premium TOK FM dynamicznie ro\u015bnie \u2013 obecnie wynosi ponad 24 tys.&nbsp;<\/p>\n","protected":false},"author":1,"featured_media":2023,"comment_status":"open","ping_status":"open","sticky":false,"template":"","format":"standard","meta":{"om_disable_all_campaigns":false,"_monsterinsights_skip_tracking":false,"_monsterinsights_sitenote_active":false,"_monsterinsights_sitenote_note":"","_monsterinsights_sitenote_category":0,"_uf_show_specific_survey":0,"_uf_disable_surveys":false,"footnotes":""},"categories":[1],"tags":[],"class_list":["post-2022","post","type-post","status-publish","format-standard","has-post-thumbnail","hentry","category-uncategorized"],"aioseo_notices":[],"_links":{"self":[{"href":"https:\/\/poczuj-miete-do-csr.pl\/index.php\/wp-json\/wp\/v2\/posts\/2022","targetHints":{"allow":["GET"]}}],"collection":[{"href":"https:\/\/poczuj-miete-do-csr.pl\/index.php\/wp-json\/wp\/v2\/posts"}],"about":[{"href":"https:\/\/poczuj-miete-do-csr.pl\/index.php\/wp-json\/wp\/v2\/types\/post"}],"author":[{"embeddable":true,"href":"https:\/\/poczuj-miete-do-csr.pl\/index.php\/wp-json\/wp\/v2\/users\/1"}],"replies":[{"embeddable":true,"href":"https:\/\/poczuj-miete-do-csr.pl\/index.php\/wp-json\/wp\/v2\/comments?post=2022"}],"version-history":[{"count":0,"href":"https:\/\/poczuj-miete-do-csr.pl\/index.php\/wp-json\/wp\/v2\/posts\/2022\/revisions"}],"wp:featuredmedia":[{"embeddable":true,"href":"https:\/\/poczuj-miete-do-csr.pl\/index.php\/wp-json\/"}],"wp:attachment":[{"href":"https:\/\/poczuj-miete-do-csr.pl\/index.php\/wp-json\/wp\/v2\/media?parent=2022"}],"wp:term":[{"taxonomy":"category","embeddable":true,"href":"https:\/\/poczuj-miete-do-csr.pl\/index.php\/wp-json\/wp\/v2\/categories?post=2022"},{"taxonomy":"post_tag","embeddable":true,"href":"https:\/\/poczuj-miete-do-csr.pl\/index.php\/wp-json\/wp\/v2\/tags?post=2022"}],"curies":[{"name":"wp","href":"https:\/\/api.w.org\/{rel}","templated":true}]}}