{"id":2060,"date":"2021-02-02T22:08:24","date_gmt":"2021-02-02T21:08:24","guid":{"rendered":"http:\/\/poczuj-miete-do-csr.pl\/?p=2060"},"modified":"2021-02-02T22:08:24","modified_gmt":"2021-02-02T21:08:24","slug":"bransoletka-ekologiczna-zielona-reka","status":"publish","type":"post","link":"https:\/\/poczuj-miete-do-csr.pl\/index.php\/2021\/02\/02\/bransoletka-ekologiczna-zielona-reka\/","title":{"rendered":"Bransoletka ekologiczna Zielona R\u0119ka"},"content":{"rendered":"\n<p>F<strong>undacja ekologiczna ARKA zaprasza do og\u00f3lnopolskiej akcji<\/strong><\/p>\n\n\n\n<h2 class=\"wp-block-heading\"><strong>ZIELONA R\u0118KA \u2013 bransoletka ekologiczna<\/strong><\/h2>\n\n\n\n<p>Ka\u017cdy mo\u017ce wesprze\u0107 dzia\u0142ania fundacji i w formie darowizny naby\u0107 bransoletk\u0119 dla siebie, znajomych. Wierzymy, i\u017c dzi\u0119ki temu posadzimy w roku 2021 tysi\u0105ce nowych drzew, zbierzemy kilka tysi\u0119cy work\u00f3w \u015bmieci i wesprzemy realizacj\u0119 programu aktywnej edukacji ekologicznej ZIELONA R\u0118KA, kt\u00f3ry ju\u017c w roku 2020 sta\u0142 si\u0119 najwi\u0119ksz\u0105 taka inicjatyw\u0105 w Polsce i skupi\u0142 ponad 500 tysi\u0119cy uczestnik\u00f3w. Na rok 2021 trwa nab\u00f3r i ju\u017c mamy ponad 300 tysi\u0119cy zg\u0142osze\u0144.<\/p>\n\n\n\n<figure class=\"wp-block-gallery columns-1 is-cropped wp-block-gallery-1 is-layout-flex wp-block-gallery-is-layout-flex\"><ul class=\"blocks-gallery-grid\"><li class=\"blocks-gallery-item\"><figure><img decoding=\"async\" src=\"https:\/\/poczuj-miete-do-csr.pl\/wp-content\/uploads\/2021\/03\/Bransoletka-eko-1-m-1024x683.jpg\" alt=\"\" data-id=\"2061\" data-full-url=\"https:\/\/poczuj-miete-do-csr.pl\/wp-content\/uploads\/2021\/03\/Bransoletka-eko-1-m.jpg\" data-link=\"https:\/\/poczuj-miete-do-csr.pl\/?attachment_id=2061\" class=\"wp-image-2061\"\/><\/figure><\/li><\/ul><\/figure>\n\n\n\n<h2 class=\"wp-block-heading\"><strong>Bransoletka ekologiczna ZIELONA R\u0118KA jest unikalna i magiczna.<\/strong><\/h2>\n\n\n\n<p>Unikalna, gdy\u017c zaprojektowana specjalnie dla nas przez artystk\u0119 Ma\u0142gorzat\u0119 Rozenau. (rozenau.blogspot.com) Przy jej przygotowaniu pomagali nam nasi przyjaciele i wolontariusze. Ca\u0142ej akcji towarzyszy tak\u017ce zbi\u00f3rka przedmiot\u00f3w z mosi\u0105dzu, kt\u00f3re przeka\u017cemy do recyklingu tak, aby jej produkcja by\u0142a neutralna dla \u015brodowiska.<\/p>\n\n\n\n<p>Magiczna, gdy\u017c ka\u017cda bransoletka to jedno posadzone przez nas drzewo i jeden worek zebranych \u015bmieci z teren\u00f3w przyrodniczych. To tak\u017ce wsparcie dzia\u0142a\u0144 edukacyjnych, w kt\u00f3rych tylko w roku 2020 bra\u0142o udzia\u0142 ponad 500 tysi\u0119cy uczestnik\u00f3w.<\/p>\n\n\n\n<p>Program aktywnej edukacji ekologicznej ZIELONA R\u0118KA skupia w roku 2021 a\u017c 10 akcji edukacyjnych, do kt\u00f3rych mog\u0105 zg\u0142asza\u0107 si\u0119 uczestnicy. Wsp\u00f3lnym punktem tych akcji jest przeciwdzia\u0142anie kryzysowi klimatycznemu.<\/p>\n\n\n\n<figure class=\"wp-block-image size-large\"><img decoding=\"async\" src=\"https:\/\/poczuj-miete-do-csr.pl\/wp-content\/uploads\/2021\/03\/Branzoletka-eko-3-m-1024x683.jpg\" alt=\"\" class=\"wp-image-2062\"\/><\/figure>\n\n\n\n<h2 class=\"wp-block-heading\"><strong>Kryzys klimatyczny stawia przed nami niespotykane wyzwania. Ka\u017cdy musi w\u0142\u0105czy\u0107 si\u0119 w zmiany!<\/strong><\/h2>\n\n\n\n<p>\u201e <em>Katastrofa klimatyczna dotyka ju\u017c nie tylko odleg\u0142e kraje, ale tak\u017ce zmienia nasze \u017cycie. Upa\u0142y, susze, problemy w rolnictwie, gwa\u0142towne burze, tr\u0105by powietrzne \u2013 to zaczyna by\u0107 tak\u017ce nasza codzienno\u015b\u0107. Do tego dochodzi fatalna jako\u015b\u0107 powietrza, smog, dzikie wysypiska. Naprawd\u0119 mo\u017cemy jaszcze wymieni\u0107 sporo problem\u00f3w ekologicznych.<\/em><\/p>\n\n\n\n<figure class=\"wp-block-gallery columns-1 is-cropped wp-block-gallery-2 is-layout-flex wp-block-gallery-is-layout-flex\"><ul class=\"blocks-gallery-grid\"><li class=\"blocks-gallery-item\"><figure><img decoding=\"async\" src=\"https:\/\/poczuj-miete-do-csr.pl\/wp-content\/uploads\/2021\/03\/Zielona-Reka-BB-2-m-1024x682.jpg\" alt=\"\" data-id=\"2063\" data-full-url=\"https:\/\/poczuj-miete-do-csr.pl\/wp-content\/uploads\/2021\/03\/Zielona-Reka-BB-2-m.jpg\" data-link=\"https:\/\/poczuj-miete-do-csr.pl\/?attachment_id=2063\" class=\"wp-image-2063\"\/><\/figure><\/li><\/ul><\/figure>\n\n\n\n<p><em>Chyba ka\u017cdy z nas powoli czuje, i\u017c to wszystko si\u0119 dzieje i zmierza w fatalnym dla nas i naszych dzieci kierunku.<\/em><\/p>\n\n\n\n<p><em>Nie mo\u017cemy czeka\u0107 bezczynnie, a\u017c nasza cudowna Ziemia stanie si\u0119 miejscem, w kt\u00f3rym trudno b\u0119dzie nam \u017cy\u0107. \u017byzna ziemia zamieni si\u0119 w pustynie, rzeki wyschn\u0105, zwierz\u0119ta b\u0119d\u0105 kona\u0142y w m\u0119czarniach, a ludzie cierpieli z powodu chor\u00f3b, upa\u0142\u00f3w, braku wody czy po\u017cywienia.<\/em><\/p>\n\n\n\n<p><em>Fundacja ekologiczna ARKA od lat ponad 15 lat prowadzi r\u00f3\u017cnorodne dzia\u0142ania ekologiczne. Teraz te do\u015bwiadczenia chcemy wykorzysta\u0107 prowadz\u0105c ca\u0142oroczny program aktywnej ekologii ZIELONA R\u0118KA. B\u0119dziemy edukowa\u0107, ale przede wszystkim dzia\u0142a\u0107. Prowadzi\u0107 proste i wymierne dzia\u0142ania ekologiczne. Chcemy z WAMI sadzi\u0107 drzewa, sprz\u0105ta\u0107 tereny przyrodnicze, walczy\u0107 ze smogiem. ratowa\u0107 zwierz\u0119ta, chroni\u0107 bior\u00f3\u017cnorodno\u015b\u0107. Przygotowywa\u0107 si\u0119 na nast\u0119puj\u0105ce zmiany klimatyczne. Chcemy budowa\u0107 ruch spo\u0142eczny, kt\u00f3ry b\u0119dzie wymusza\u0142 zmiany na politykach i biznesmenach\u201d<\/em> \u2013 t\u0142umaczy Wojciech Owczarz, prezes ARKI i pomys\u0142odawca programu Zielona R\u0119ka<\/p>\n\n\n\n<p>Gminy i szko\u0142y nadal mog\u0105 zg\u0142asza\u0107 si\u0119 po bezp\u0142atne materia\u0142y na stronie <a href=\"http:\/\/www.zielonareka.pl\">www.zielonareka.pl<\/a><\/p>\n","protected":false},"excerpt":{"rendered":"<p>Fundacja ekologiczna ARKA zaprasza do og\u00f3lnopolskiej akcji ZIELONA R\u0118KA \u2013 bransoletka ekologiczna Ka\u017cdy mo\u017ce wesprze\u0107 dzia\u0142ania fundacji i w formie darowizny naby\u0107 bransoletk\u0119 dla siebie, znajomych. Wierzymy, i\u017c dzi\u0119ki temu posadzimy w roku 2021 tysi\u0105ce nowych drzew, zbierzemy kilka tysi\u0119cy work\u00f3w \u015bmieci i wesprzemy realizacj\u0119 programu aktywnej edukacji ekologicznej ZIELONA R\u0118KA, kt\u00f3ry ju\u017c w roku 2020 sta\u0142 si\u0119 najwi\u0119ksz\u0105 taka inicjatyw\u0105 w Polsce i skupi\u0142 ponad 500 tysi\u0119cy uczestnik\u00f3w. Na rok 2021 trwa nab\u00f3r i ju\u017c mamy ponad 300 tysi\u0119cy zg\u0142osze\u0144. Bransoletka ekologiczna ZIELONA R\u0118KA jest unikalna i magiczna. Unikalna, gdy\u017c zaprojektowana specjalnie dla nas przez artystk\u0119 Ma\u0142gorzat\u0119 Rozenau. (rozenau.blogspot.com) Przy jej przygotowaniu pomagali nam nasi przyjaciele i wolontariusze. Ca\u0142ej akcji towarzyszy tak\u017ce zbi\u00f3rka przedmiot\u00f3w z mosi\u0105dzu, kt\u00f3re przeka\u017cemy do recyklingu tak, aby jej produkcja by\u0142a neutralna dla \u015brodowiska. Magiczna, gdy\u017c ka\u017cda bransoletka to jedno posadzone przez nas drzewo i jeden worek zebranych \u015bmieci z teren\u00f3w przyrodniczych. To tak\u017ce wsparcie dzia\u0142a\u0144 edukacyjnych, w kt\u00f3rych tylko w roku 2020 bra\u0142o udzia\u0142 ponad 500 tysi\u0119cy uczestnik\u00f3w. Program aktywnej edukacji ekologicznej ZIELONA R\u0118KA skupia w roku 2021 a\u017c 10 akcji edukacyjnych, do kt\u00f3rych mog\u0105 zg\u0142asza\u0107 si\u0119 uczestnicy. Wsp\u00f3lnym punktem tych akcji jest przeciwdzia\u0142anie kryzysowi klimatycznemu. Kryzys klimatyczny stawia przed nami niespotykane wyzwania. Ka\u017cdy musi w\u0142\u0105czy\u0107 si\u0119 w zmiany! \u201e Katastrofa klimatyczna dotyka ju\u017c nie tylko odleg\u0142e kraje, ale tak\u017ce zmienia nasze \u017cycie. Upa\u0142y, susze, problemy w rolnictwie, gwa\u0142towne burze, tr\u0105by powietrzne \u2013 to zaczyna by\u0107 tak\u017ce nasza codzienno\u015b\u0107. Do tego dochodzi fatalna jako\u015b\u0107 powietrza, smog, dzikie wysypiska. Naprawd\u0119 mo\u017cemy jaszcze wymieni\u0107 sporo problem\u00f3w ekologicznych. Chyba ka\u017cdy z nas powoli czuje, i\u017c to wszystko si\u0119 dzieje i zmierza w fatalnym dla nas i naszych dzieci kierunku. Nie mo\u017cemy czeka\u0107 bezczynnie, a\u017c nasza cudowna Ziemia stanie si\u0119 miejscem, w kt\u00f3rym trudno b\u0119dzie nam \u017cy\u0107. \u017byzna ziemia zamieni si\u0119 w pustynie, rzeki wyschn\u0105, zwierz\u0119ta b\u0119d\u0105 kona\u0142y w m\u0119czarniach, a ludzie cierpieli z powodu chor\u00f3b, upa\u0142\u00f3w, braku wody czy po\u017cywienia. Fundacja ekologiczna ARKA od lat ponad 15 lat prowadzi r\u00f3\u017cnorodne dzia\u0142ania ekologiczne. Teraz te do\u015bwiadczenia chcemy wykorzysta\u0107 prowadz\u0105c ca\u0142oroczny program aktywnej ekologii ZIELONA R\u0118KA. B\u0119dziemy edukowa\u0107, ale przede wszystkim dzia\u0142a\u0107. Prowadzi\u0107 proste i wymierne dzia\u0142ania ekologiczne. Chcemy z WAMI sadzi\u0107 drzewa, sprz\u0105ta\u0107 tereny przyrodnicze, walczy\u0107 ze smogiem. ratowa\u0107 zwierz\u0119ta, chroni\u0107 bior\u00f3\u017cnorodno\u015b\u0107. Przygotowywa\u0107 si\u0119 na nast\u0119puj\u0105ce zmiany klimatyczne. Chcemy budowa\u0107 ruch spo\u0142eczny, kt\u00f3ry b\u0119dzie wymusza\u0142 zmiany na politykach i biznesmenach\u201d \u2013 t\u0142umaczy Wojciech Owczarz, prezes ARKI i pomys\u0142odawca programu Zielona R\u0119ka Gminy i szko\u0142y nadal mog\u0105 zg\u0142asza\u0107 si\u0119 po bezp\u0142atne materia\u0142y na stronie www.zielonareka.pl<\/p>\n","protected":false},"author":1,"featured_media":2064,"comment_status":"open","ping_status":"open","sticky":false,"template":"","format":"standard","meta":{"om_disable_all_campaigns":false,"_monsterinsights_skip_tracking":false,"_monsterinsights_sitenote_active":false,"_monsterinsights_sitenote_note":"","_monsterinsights_sitenote_category":0,"_uf_show_specific_survey":0,"_uf_disable_surveys":false,"footnotes":""},"categories":[1],"tags":[],"class_list":["post-2060","post","type-post","status-publish","format-standard","has-post-thumbnail","hentry","category-uncategorized"],"aioseo_notices":[],"_links":{"self":[{"href":"https:\/\/poczuj-miete-do-csr.pl\/index.php\/wp-json\/wp\/v2\/posts\/2060","targetHints":{"allow":["GET"]}}],"collection":[{"href":"https:\/\/poczuj-miete-do-csr.pl\/index.php\/wp-json\/wp\/v2\/posts"}],"about":[{"href":"https:\/\/poczuj-miete-do-csr.pl\/index.php\/wp-json\/wp\/v2\/types\/post"}],"author":[{"embeddable":true,"href":"https:\/\/poczuj-miete-do-csr.pl\/index.php\/wp-json\/wp\/v2\/users\/1"}],"replies":[{"embeddable":true,"href":"https:\/\/poczuj-miete-do-csr.pl\/index.php\/wp-json\/wp\/v2\/comments?post=2060"}],"version-history":[{"count":0,"href":"https:\/\/poczuj-miete-do-csr.pl\/index.php\/wp-json\/wp\/v2\/posts\/2060\/revisions"}],"wp:featuredmedia":[{"embeddable":true,"href":"https:\/\/poczuj-miete-do-csr.pl\/index.php\/wp-json\/"}],"wp:attachment":[{"href":"https:\/\/poczuj-miete-do-csr.pl\/index.php\/wp-json\/wp\/v2\/media?parent=2060"}],"wp:term":[{"taxonomy":"category","embeddable":true,"href":"https:\/\/poczuj-miete-do-csr.pl\/index.php\/wp-json\/wp\/v2\/categories?post=2060"},{"taxonomy":"post_tag","embeddable":true,"href":"https:\/\/poczuj-miete-do-csr.pl\/index.php\/wp-json\/wp\/v2\/tags?post=2060"}],"curies":[{"name":"wp","href":"https:\/\/api.w.org\/{rel}","templated":true}]}}