{"id":2139,"date":"2021-03-15T12:10:09","date_gmt":"2021-03-15T11:10:09","guid":{"rendered":"http:\/\/poczuj-miete-do-csr.pl\/?p=2139"},"modified":"2021-03-15T12:10:09","modified_gmt":"2021-03-15T11:10:09","slug":"gazeta-pl-ze-zbiorka-na-rzecz-syryjskich-uchodzcow","status":"publish","type":"post","link":"https:\/\/poczuj-miete-do-csr.pl\/index.php\/2021\/03\/15\/gazeta-pl-ze-zbiorka-na-rzecz-syryjskich-uchodzcow\/","title":{"rendered":"Gazeta.pl ze zbi\u00f3rk\u0105 na rzecz syryjskich uchod\u017ac\u00f3w"},"content":{"rendered":"\n<h3 class=\"wp-block-heading\"><strong>W dziesi\u0105t\u0105 rocznic\u0119 wybuchu wojny w Syrii Gazeta.pl rozpocz\u0119\u0142a akcj\u0119 #Pami\u0119tamyoSyrii. W ramach prowadzonych dzia\u0142a\u0144 na stronie g\u0142\u00f3wnej portalu pojawiaj\u0105 si\u0119 teksty opisuj\u0105ce wojn\u0119 oraz obecn\u0105 sytuacj\u0119 w regionie. Dodatkowo, uruchomiona zosta\u0142a zbi\u00f3rka, kt\u00f3ra ma na celu wsparcie syryjskich uchod\u017ac\u00f3w.\u00a0<\/strong><\/h3>\n\n\n\n<figure class=\"wp-block-gallery columns-1 is-cropped wp-block-gallery-1 is-layout-flex wp-block-gallery-is-layout-flex\"><ul class=\"blocks-gallery-grid\"><li class=\"blocks-gallery-item\"><figure><img decoding=\"async\" src=\"https:\/\/poczuj-miete-do-csr.pl\/wp-content\/uploads\/2021\/03\/Gazetapl_PamietamyoSyrii.png\" alt=\"\" data-id=\"2140\" data-full-url=\"https:\/\/poczuj-miete-do-csr.pl\/wp-content\/uploads\/2021\/03\/Gazetapl_PamietamyoSyrii.png\" data-link=\"https:\/\/poczuj-miete-do-csr.pl\/?attachment_id=2140\" class=\"wp-image-2140\"\/><\/figure><\/li><\/ul><\/figure>\n\n\n\n<p>W ramach akcji #Pami\u0119tamyoSyrii przygotowane zosta\u0142y: wideo podsumowuj\u0105ce 10 lat konfliktu oraz seria eksperckich tekst\u00f3w, kt\u00f3re b\u0119d\u0105 sukcesywnie publikowane na stronie g\u0142\u00f3wnej portalu. Jednym z autor\u00f3w materia\u0142\u00f3w jest Patryk Strza\u0142kowski \u2013 dziennikarz, kt\u00f3ry we wsp\u00f3\u0142pracy z organizacjami pomocowymi podr\u00f3\u017cowa\u0142 po Libanie, Iraku i&nbsp;Jordanii. Strza\u0142kowski odwiedza\u0142 uchod\u017ac\u00f3w w obozach i relacjonowa\u0142 sytuacj\u0119 na miejscu, a swoimi do\u015bwiadczeniami podzieli si\u0119 teraz z czytelnikami Gazeta.pl.&nbsp;<\/p>\n\n\n\n<p>\u2013&nbsp;<em>W\u0142a\u015bnie mija 10 lat od wybuchu syryjskiej wojny domowej, kt\u00f3ra kosztowa\u0142a \u017cycie setki tysi\u0119cy os\u00f3b, a ponad po\u0142ow\u0119 Syryjczyk\u00f3w zmusi\u0142a do ucieczki z dom\u00f3w<\/em>&nbsp;\u2013 m\u00f3wi Patryk Strza\u0142kowski, dziennikarz Gazeta.pl. &#8211;&nbsp;<em>Syryjczycy w kraju i na uchod\u017astwie bardziej ni\u017c kiedykolwiek potrzebuj\u0105 pomocy. To dlatego w&nbsp;Gazeta.pl #Pami\u0119tamyoSyrii \u2013 nie tylko teraz. W ramach dzia\u0142a\u0144 prowadzonych przy okazji tej smutnej rocznicy stworzyli\u015bmy seri\u0119 dedykowanych artyku\u0142\u00f3w na temat sytuacji w regionie, a tak\u017ce, wsp\u00f3lnie z&nbsp;Polskim Centrum Pomocy Mi\u0119dzynarodowej, zbieramy \u015brodki na prowadzenie przychodni dla syryjskich uchod\u017ac\u00f3w w&nbsp;Libanie. Zach\u0119camy naszych czytelnik\u00f3w do do\u0142\u0105czenia do zbi\u00f3rki i wsparcia potrzebuj\u0105cych&nbsp;<\/em>\u2013 dodaje Strza\u0142kowski.&nbsp;<\/p>\n\n\n\n<p>Akcj\u0119 mo\u017cna wesprze\u0107 dowoln\u0105 kwot\u0105&nbsp;<a href=\"https:\/\/www.facebook.com\/donate\/1108394652907767\/10159200315184583\/\" target=\"_blank\" rel=\"noreferrer noopener\">na Facebooku<\/a>&nbsp;lub przez stron\u0119&nbsp;<a href=\"https:\/\/pcpm.org.pl\/liban\" target=\"_blank\" rel=\"noreferrer noopener\">pcpm.org.pl<\/a>. Zbi\u00f3rka realizowana jest przy wsparciu Polskiego Centrum Pomocy Mi\u0119dzynarodowej, kt\u00f3re pomaga uchod\u017acom z Syrii niemal od pocz\u0105tku trwania konfliktu.&nbsp;<\/p>\n\n\n\n<p>Akcja #Pami\u0119tamyoSyrii to kolejny przejaw troski dziennikarzy Gazeta.pl o respektowanie praw cz\u0142owieka. Portal od pocz\u0105tku swojego istnienia anga\u017cuje si\u0119 w walk\u0119 o demokracj\u0119, prawa mniejszo\u015bci czy r\u00f3wnouprawnienie.&nbsp;&nbsp;<\/p>\n\n\n\n<p><strong>Gazeta.pl<\/strong>&nbsp;jest w czo\u0142\u00f3wce najwi\u0119kszych polskich portali internetowych, a jej serwisy nale\u017c\u0105 do wiod\u0105cych w swoich kategoriach tematycznych. Prezentuj\u0105 u\u017cytkownikom r\u00f3\u017cnorodne tre\u015bci, m.in. artyku\u0142y oraz autorskie materia\u0142y wideo \u2013 dost\u0119pne tak\u017ce poprzez aplikacje na urz\u0105dzenia mobilne. Wed\u0142ug badania Mediapanel w lutym 2021 r. serwisy Grupy Agora odwiedzi\u0142o 17,1 mln u\u017cytkownik\u00f3w (real users), kt\u00f3rzy wykonali 535,1 mln ods\u0142on. W\u015br\u00f3d najcz\u0119\u015bciej wybieranych serwis\u00f3w znalaz\u0142y si\u0119&nbsp;<a href=\"http:\/\/wiadomosci.gazeta.pl\/\" target=\"_blank\" rel=\"noreferrer noopener\">Wiadomosci.gazeta.pl<\/a>, Plotek.pl, Sport.pl,&nbsp;<a href=\"http:\/\/next.gazeta.pl\/\" target=\"_blank\" rel=\"noreferrer noopener\">Next.gazeta.pl<\/a>, Moto.pl, eDziecko.pl.&nbsp;<\/p>\n","protected":false},"excerpt":{"rendered":"<p>W dziesi\u0105t\u0105 rocznic\u0119 wybuchu wojny w Syrii Gazeta.pl rozpocz\u0119\u0142a akcj\u0119 #Pami\u0119tamyoSyrii. W ramach prowadzonych dzia\u0142a\u0144 na stronie g\u0142\u00f3wnej portalu pojawiaj\u0105 si\u0119 teksty opisuj\u0105ce wojn\u0119 oraz obecn\u0105 sytuacj\u0119 w regionie. Dodatkowo, uruchomiona zosta\u0142a zbi\u00f3rka, kt\u00f3ra ma na celu wsparcie syryjskich uchod\u017ac\u00f3w.\u00a0 W ramach akcji #Pami\u0119tamyoSyrii przygotowane zosta\u0142y: wideo podsumowuj\u0105ce 10 lat konfliktu oraz seria eksperckich tekst\u00f3w, kt\u00f3re b\u0119d\u0105 sukcesywnie publikowane na stronie g\u0142\u00f3wnej portalu. Jednym z autor\u00f3w materia\u0142\u00f3w jest Patryk Strza\u0142kowski \u2013 dziennikarz, kt\u00f3ry we wsp\u00f3\u0142pracy z organizacjami pomocowymi podr\u00f3\u017cowa\u0142 po Libanie, Iraku i&nbsp;Jordanii. Strza\u0142kowski odwiedza\u0142 uchod\u017ac\u00f3w w obozach i relacjonowa\u0142 sytuacj\u0119 na miejscu, a swoimi do\u015bwiadczeniami podzieli si\u0119 teraz z czytelnikami Gazeta.pl.&nbsp; \u2013&nbsp;W\u0142a\u015bnie mija 10 lat od wybuchu syryjskiej wojny domowej, kt\u00f3ra kosztowa\u0142a \u017cycie setki tysi\u0119cy os\u00f3b, a ponad po\u0142ow\u0119 Syryjczyk\u00f3w zmusi\u0142a do ucieczki z dom\u00f3w&nbsp;\u2013 m\u00f3wi Patryk Strza\u0142kowski, dziennikarz Gazeta.pl. &#8211;&nbsp;Syryjczycy w kraju i na uchod\u017astwie bardziej ni\u017c kiedykolwiek potrzebuj\u0105 pomocy. To dlatego w&nbsp;Gazeta.pl #Pami\u0119tamyoSyrii \u2013 nie tylko teraz. W ramach dzia\u0142a\u0144 prowadzonych przy okazji tej smutnej rocznicy stworzyli\u015bmy seri\u0119 dedykowanych artyku\u0142\u00f3w na temat sytuacji w regionie, a tak\u017ce, wsp\u00f3lnie z&nbsp;Polskim Centrum Pomocy Mi\u0119dzynarodowej, zbieramy \u015brodki na prowadzenie przychodni dla syryjskich uchod\u017ac\u00f3w w&nbsp;Libanie. Zach\u0119camy naszych czytelnik\u00f3w do do\u0142\u0105czenia do zbi\u00f3rki i wsparcia potrzebuj\u0105cych&nbsp;\u2013 dodaje Strza\u0142kowski.&nbsp; Akcj\u0119 mo\u017cna wesprze\u0107 dowoln\u0105 kwot\u0105&nbsp;na Facebooku&nbsp;lub przez stron\u0119&nbsp;pcpm.org.pl. Zbi\u00f3rka realizowana jest przy wsparciu Polskiego Centrum Pomocy Mi\u0119dzynarodowej, kt\u00f3re pomaga uchod\u017acom z Syrii niemal od pocz\u0105tku trwania konfliktu.&nbsp; Akcja #Pami\u0119tamyoSyrii to kolejny przejaw troski dziennikarzy Gazeta.pl o respektowanie praw cz\u0142owieka. Portal od pocz\u0105tku swojego istnienia anga\u017cuje si\u0119 w walk\u0119 o demokracj\u0119, prawa mniejszo\u015bci czy r\u00f3wnouprawnienie.&nbsp;&nbsp; Gazeta.pl&nbsp;jest w czo\u0142\u00f3wce najwi\u0119kszych polskich portali internetowych, a jej serwisy nale\u017c\u0105 do wiod\u0105cych w swoich kategoriach tematycznych. Prezentuj\u0105 u\u017cytkownikom r\u00f3\u017cnorodne tre\u015bci, m.in. artyku\u0142y oraz autorskie materia\u0142y wideo \u2013 dost\u0119pne tak\u017ce poprzez aplikacje na urz\u0105dzenia mobilne. Wed\u0142ug badania Mediapanel w lutym 2021 r. serwisy Grupy Agora odwiedzi\u0142o 17,1 mln u\u017cytkownik\u00f3w (real users), kt\u00f3rzy wykonali 535,1 mln ods\u0142on. W\u015br\u00f3d najcz\u0119\u015bciej wybieranych serwis\u00f3w znalaz\u0142y si\u0119&nbsp;Wiadomosci.gazeta.pl, Plotek.pl, Sport.pl,&nbsp;Next.gazeta.pl, Moto.pl, eDziecko.pl.&nbsp;<\/p>\n","protected":false},"author":1,"featured_media":2140,"comment_status":"open","ping_status":"open","sticky":false,"template":"","format":"standard","meta":{"om_disable_all_campaigns":false,"_monsterinsights_skip_tracking":false,"_monsterinsights_sitenote_active":false,"_monsterinsights_sitenote_note":"","_monsterinsights_sitenote_category":0,"_uf_show_specific_survey":0,"_uf_disable_surveys":false,"footnotes":""},"categories":[1],"tags":[],"class_list":["post-2139","post","type-post","status-publish","format-standard","has-post-thumbnail","hentry","category-uncategorized"],"aioseo_notices":[],"_links":{"self":[{"href":"https:\/\/poczuj-miete-do-csr.pl\/index.php\/wp-json\/wp\/v2\/posts\/2139","targetHints":{"allow":["GET"]}}],"collection":[{"href":"https:\/\/poczuj-miete-do-csr.pl\/index.php\/wp-json\/wp\/v2\/posts"}],"about":[{"href":"https:\/\/poczuj-miete-do-csr.pl\/index.php\/wp-json\/wp\/v2\/types\/post"}],"author":[{"embeddable":true,"href":"https:\/\/poczuj-miete-do-csr.pl\/index.php\/wp-json\/wp\/v2\/users\/1"}],"replies":[{"embeddable":true,"href":"https:\/\/poczuj-miete-do-csr.pl\/index.php\/wp-json\/wp\/v2\/comments?post=2139"}],"version-history":[{"count":0,"href":"https:\/\/poczuj-miete-do-csr.pl\/index.php\/wp-json\/wp\/v2\/posts\/2139\/revisions"}],"wp:featuredmedia":[{"embeddable":true,"href":"https:\/\/poczuj-miete-do-csr.pl\/index.php\/wp-json\/"}],"wp:attachment":[{"href":"https:\/\/poczuj-miete-do-csr.pl\/index.php\/wp-json\/wp\/v2\/media?parent=2139"}],"wp:term":[{"taxonomy":"category","embeddable":true,"href":"https:\/\/poczuj-miete-do-csr.pl\/index.php\/wp-json\/wp\/v2\/categories?post=2139"},{"taxonomy":"post_tag","embeddable":true,"href":"https:\/\/poczuj-miete-do-csr.pl\/index.php\/wp-json\/wp\/v2\/tags?post=2139"}],"curies":[{"name":"wp","href":"https:\/\/api.w.org\/{rel}","templated":true}]}}