{"id":2375,"date":"2024-01-17T03:31:52","date_gmt":"2024-01-17T02:31:52","guid":{"rendered":"https:\/\/poczuj-miete-do-csr.pl\/?p=2375"},"modified":"2024-01-17T03:31:52","modified_gmt":"2024-01-17T02:31:52","slug":"mocni-w-biznesie-bezplatny-program-szkoleniowo-grantowy-dla-przedsiebiorcow","status":"publish","type":"post","link":"https:\/\/poczuj-miete-do-csr.pl\/index.php\/2024\/01\/17\/mocni-w-biznesie-bezplatny-program-szkoleniowo-grantowy-dla-przedsiebiorcow\/","title":{"rendered":"MOCni w biznesie \u2013 bezp\u0142atny program szkoleniowo-grantowy dla przedsi\u0119biorc\u00f3w"},"content":{"rendered":"\n<figure class=\"wp-block-image size-large\"><img decoding=\"async\" src=\"https:\/\/poczuj-miete-do-csr.pl\/wp-content\/uploads\/2024\/01\/smalljohn-schnobrich-FlPc9_VocJ4-unsplash-1024x683.jpg\" alt=\"\" class=\"wp-image-2376\"\/><\/figure>\n\n\n\n<p><strong>\u201eMOCni w biznesie\u201d \u2013 bezp\u0142atny program szkoleniowo-grantowy dla przedsi\u0119biorc\u00f3w<\/strong><\/p>\n\n\n\n<p>17 stycznia br. startuje II edycja programu \u201eMOCni w biznesie\u201d. To program dla tych, kt\u00f3rzy chc\u0105 za\u0142o\u017cy\u0107 lub rozwin\u0105\u0107 w\u0142asny biznes. Uczestnicy wezm\u0105 udzia\u0142 w darmowych szkoleniach i webinarach, mog\u0105 te\u017c wygra\u0107 granty edukacyjne. Organizatorami projektu s\u0105 Santander Bank Polska S.A., Polska Fundacja Przedsi\u0119biorczo\u015bci i Polfund&nbsp;Fundusz Por\u0119cze\u0144 Kredytowych S.A.<\/p>\n\n\n\n<p><strong>Szkolenia<\/strong><\/p>\n\n\n\n<p>Program \u201eMOCni w biznesie\u201d to cykl 10 bezp\u0142atnych webinar\u00f3w dla tych, kt\u00f3rzy chc\u0105 za\u0142o\u017cy\u0107 lub rozwin\u0105\u0107 sw\u00f3j biznes. Wszystkie webinary b\u0119d\u0105 t\u0142umaczone na Polski J\u0119zyk Migowy.<\/p>\n\n\n\n<p>\u2013 <em>Z najnowszego raportu PARP<a href=\"#_ftn1\" id=\"_ftnref1\"><strong>[1]<\/strong><\/a> wynika, \u017ce firmy z sektora M\u015aP stanowi\u0105 a\u017c 99,8 proc. wszystkich przedsi\u0119biorstw w kraju. Zatrudniaj\u0105 one ponad 6,9 mln os\u00f3b. Jako bank aktywnie wspieramy przedsi\u0119biorc\u00f3w w ich biznesowych wyzwaniach, jeste\u015bmy zaanga\u017cowani w&nbsp;tworzenie rozwi\u0105za\u0144 u\u0142atwiaj\u0105cych prowadzenie biznesu i&nbsp;zarz\u0105dzanie finansami firm z&nbsp;sektora M\u015aP. Program \u201eMOCni w biznesie\u201d pozwala na zdobycie kompetencji oraz narz\u0119dzi z obszar\u00f3w takich jak marketing, nowe technologie czy ESG, kt\u00f3re pomog\u0105 przedsi\u0119biorcom w rozwoju ich firm <\/em>\u2013 m\u00f3wi Filip Jasku\u0142a z Santander Bank Polska. Partnerami programu \u201eMOCni w Biznesie\u201d s\u0105 Polfund FPK S.A. i Polska Fundacja Przedsi\u0119biorczo\u015bci.<\/p>\n\n\n\n<p>Swoj\u0105 wiedz\u0105 podziel\u0105 si\u0119 m.in.: Maciej Kawecki \u2013 dziennikarz naukowy i popularyzator technologiczny, Olga Kozierowska, dziennikarka, dzia\u0142aczka spo\u0142eczna, trenerka i mentorka, Artur Kurasi\u0144ski &#8211; przedsi\u0119biorca, tw\u00f3rca, inwestor, obserwator i krytyk zjawisk zwi\u0105zanych z technologi\u0105, Tycjan Bielecki i Beata Kubida, eksperci ESG w Santander Bank Polska.<\/p>\n\n\n\n<p>Uczestnicy dowiedz\u0105 si\u0119 z nich m.in.: jak istotna jest praca na danych, jak niskim kosztem promowa\u0107 biznes w internecie, jak radzi\u0107 sobie w trudnych sytuacjach, dlaczego ESG jest tak wa\u017cne.<\/p>\n\n\n\n<p>Ju\u017c 17 stycznia o godz. 9.00 odb\u0119dzie si\u0119 pierwszy webinar \u201cPrzedsi\u0119biorczo\u015b\u0107 w przysz\u0142o\u015bci, czyli wewn\u0119trzne \u017cycie algorytm\u00f3w\u201d, prowadzony przez Macieja Kaweckiego. Harmonogram wszystkich spotka\u0144 z ekspertami znajduje si\u0119 na stronie santander.pl\/mocniwbiznesie.<\/p>\n\n\n\n<p><strong>Konkurs grantowy<\/strong><\/p>\n\n\n\n<p>Poza rozwojem kompetencji, obecni i przyszli przedsi\u0119biorcy mog\u0105 wzi\u0105\u0107 udzia\u0142 w konkursie i wygra\u0107 grant rozwojowy. Warunkiem udzia\u0142u jest z\u0142o\u017cenie biznesplanu z opisem pomys\u0142u na stronie santander.pl\/mocniwbiznesie w jednej z czterech kategorii:<\/p>\n\n\n\n<p>\u2022&nbsp;&nbsp;&nbsp; Pomys\u0142 na nowy biznes<\/p>\n\n\n\n<p>\u2022&nbsp;&nbsp;&nbsp; Pomys\u0142 na rozw\u00f3j swojego biznesu<\/p>\n\n\n\n<p>\u2022&nbsp;&nbsp;&nbsp; Pomys\u0142 na ekologiczny biznes, kt\u00f3ry wspiera nasz\u0105 planet\u0119<\/p>\n\n\n\n<p>\u2022&nbsp;&nbsp;&nbsp; Pomys\u0142 na biznes bez barier, kt\u00f3ry uwzgl\u0119dnia zr\u00f3\u017cnicowane potrzeby i jest odpowiedzialny spo\u0142ecznie<\/p>\n\n\n\n<p>W ka\u017cdej z 4 kategorii do wygrania s\u0105 granty o warto\u015bci: 12, 8 lub 6 tysi\u0119cy z\u0142otych.<\/p>\n\n\n\n<p>Organizatorem i partnerami projektu MOCni w biznesie s\u0105 Polska Fundacja Przedsi\u0119biorczo\u015bci i Santander Bank Polska S.A. oraz Polfund FPK S.A. Projekt trwa od 17.01.2024 roku do 04.06.2024 roku. Konkurs na najlepszy biznesplan trwa od 16.01.2024 roku do 30.05 2024 roku. Regulamin projektu i konkursu na <a href=\"https:\/\/www.santander.pl\/lp\/mocni-w-biznesie?santag-camp=sme-kf_mwb_0124#konkurs\">MOCni w biznesie 2024 &#8211; webinary i \ud83c\udfc6konkurs grantowy na biznesplan &#8211; Santander<\/a>.<\/p>\n\n\n\n<hr class=\"wp-block-separator has-alpha-channel-opacity\"\/>\n\n\n\n<p><a href=\"#_ftnref1\" id=\"_ftn1\">[1]<\/a> <a href=\"https:\/\/www.parp.gov.pl\/component\/publications\/publication\/raport-o-stanie-sektora-malych-i-srednich-przedsiebiorstw-w-polsce-2023\">https:\/\/www.parp.gov.pl\/component\/publications\/publication\/raport-o-stanie-sektora-malych-i-srednich-przedsiebiorstw-w-polsce-2023<\/a><\/p>\n","protected":false},"excerpt":{"rendered":"<p>\u201eMOCni w biznesie\u201d \u2013 bezp\u0142atny program szkoleniowo-grantowy dla przedsi\u0119biorc\u00f3w 17 stycznia br. startuje II edycja programu \u201eMOCni w biznesie\u201d. To program dla tych, kt\u00f3rzy chc\u0105 za\u0142o\u017cy\u0107 lub rozwin\u0105\u0107 w\u0142asny biznes. Uczestnicy wezm\u0105 udzia\u0142 w darmowych szkoleniach i webinarach, mog\u0105 te\u017c wygra\u0107 granty edukacyjne. Organizatorami projektu s\u0105 Santander Bank Polska S.A., Polska Fundacja Przedsi\u0119biorczo\u015bci i Polfund&nbsp;Fundusz Por\u0119cze\u0144 Kredytowych S.A. Szkolenia Program \u201eMOCni w biznesie\u201d to cykl 10 bezp\u0142atnych webinar\u00f3w dla tych, kt\u00f3rzy chc\u0105 za\u0142o\u017cy\u0107 lub rozwin\u0105\u0107 sw\u00f3j biznes. Wszystkie webinary b\u0119d\u0105 t\u0142umaczone na Polski J\u0119zyk Migowy. \u2013 Z najnowszego raportu PARP[1] wynika, \u017ce firmy z sektora M\u015aP stanowi\u0105 a\u017c 99,8 proc. wszystkich przedsi\u0119biorstw w kraju. Zatrudniaj\u0105 one ponad 6,9 mln os\u00f3b. Jako bank aktywnie wspieramy przedsi\u0119biorc\u00f3w w ich biznesowych wyzwaniach, jeste\u015bmy zaanga\u017cowani w&nbsp;tworzenie rozwi\u0105za\u0144 u\u0142atwiaj\u0105cych prowadzenie biznesu i&nbsp;zarz\u0105dzanie finansami firm z&nbsp;sektora M\u015aP. Program \u201eMOCni w biznesie\u201d pozwala na zdobycie kompetencji oraz narz\u0119dzi z obszar\u00f3w takich jak marketing, nowe technologie czy ESG, kt\u00f3re pomog\u0105 przedsi\u0119biorcom w rozwoju ich firm \u2013 m\u00f3wi Filip Jasku\u0142a z Santander Bank Polska. Partnerami programu \u201eMOCni w Biznesie\u201d s\u0105 Polfund FPK S.A. i Polska Fundacja Przedsi\u0119biorczo\u015bci. Swoj\u0105 wiedz\u0105 podziel\u0105 si\u0119 m.in.: Maciej Kawecki \u2013 dziennikarz naukowy i popularyzator technologiczny, Olga Kozierowska, dziennikarka, dzia\u0142aczka spo\u0142eczna, trenerka i mentorka, Artur Kurasi\u0144ski &#8211; przedsi\u0119biorca, tw\u00f3rca, inwestor, obserwator i krytyk zjawisk zwi\u0105zanych z technologi\u0105, Tycjan Bielecki i Beata Kubida, eksperci ESG w Santander Bank Polska. Uczestnicy dowiedz\u0105 si\u0119 z nich m.in.: jak istotna jest praca na danych, jak niskim kosztem promowa\u0107 biznes w internecie, jak radzi\u0107 sobie w trudnych sytuacjach, dlaczego ESG jest tak wa\u017cne. Ju\u017c 17 stycznia o godz. 9.00 odb\u0119dzie si\u0119 pierwszy webinar \u201cPrzedsi\u0119biorczo\u015b\u0107 w przysz\u0142o\u015bci, czyli wewn\u0119trzne \u017cycie algorytm\u00f3w\u201d, prowadzony przez Macieja Kaweckiego. Harmonogram wszystkich spotka\u0144 z ekspertami znajduje si\u0119 na stronie santander.pl\/mocniwbiznesie. Konkurs grantowy Poza rozwojem kompetencji, obecni i przyszli przedsi\u0119biorcy mog\u0105 wzi\u0105\u0107 udzia\u0142 w konkursie i wygra\u0107 grant rozwojowy. Warunkiem udzia\u0142u jest z\u0142o\u017cenie biznesplanu z opisem pomys\u0142u na stronie santander.pl\/mocniwbiznesie w jednej z czterech kategorii: \u2022&nbsp;&nbsp;&nbsp; Pomys\u0142 na nowy biznes \u2022&nbsp;&nbsp;&nbsp; Pomys\u0142 na rozw\u00f3j swojego biznesu \u2022&nbsp;&nbsp;&nbsp; Pomys\u0142 na ekologiczny biznes, kt\u00f3ry wspiera nasz\u0105 planet\u0119 \u2022&nbsp;&nbsp;&nbsp; Pomys\u0142 na biznes bez barier, kt\u00f3ry uwzgl\u0119dnia zr\u00f3\u017cnicowane potrzeby i jest odpowiedzialny spo\u0142ecznie W ka\u017cdej z 4 kategorii do wygrania s\u0105 granty o warto\u015bci: 12, 8 lub 6 tysi\u0119cy z\u0142otych. Organizatorem i partnerami projektu MOCni w biznesie s\u0105 Polska Fundacja Przedsi\u0119biorczo\u015bci i Santander Bank Polska S.A. oraz Polfund FPK S.A. Projekt trwa od 17.01.2024 roku do 04.06.2024 roku. Konkurs na najlepszy biznesplan trwa od 16.01.2024 roku do 30.05 2024 roku. Regulamin projektu i konkursu na MOCni w biznesie 2024 &#8211; webinary i \ud83c\udfc6konkurs grantowy na biznesplan &#8211; Santander. [1] https:\/\/www.parp.gov.pl\/component\/publications\/publication\/raport-o-stanie-sektora-malych-i-srednich-przedsiebiorstw-w-polsce-2023<\/p>\n","protected":false},"author":1,"featured_media":0,"comment_status":"open","ping_status":"open","sticky":false,"template":"","format":"standard","meta":{"om_disable_all_campaigns":false,"_monsterinsights_skip_tracking":false,"_monsterinsights_sitenote_active":false,"_monsterinsights_sitenote_note":"","_monsterinsights_sitenote_category":0,"_uf_show_specific_survey":0,"_uf_disable_surveys":false,"footnotes":""},"categories":[2],"tags":[],"class_list":["post-2375","post","type-post","status-publish","format-standard","hentry","category-non-classe"],"aioseo_notices":[],"_links":{"self":[{"href":"https:\/\/poczuj-miete-do-csr.pl\/index.php\/wp-json\/wp\/v2\/posts\/2375","targetHints":{"allow":["GET"]}}],"collection":[{"href":"https:\/\/poczuj-miete-do-csr.pl\/index.php\/wp-json\/wp\/v2\/posts"}],"about":[{"href":"https:\/\/poczuj-miete-do-csr.pl\/index.php\/wp-json\/wp\/v2\/types\/post"}],"author":[{"embeddable":true,"href":"https:\/\/poczuj-miete-do-csr.pl\/index.php\/wp-json\/wp\/v2\/users\/1"}],"replies":[{"embeddable":true,"href":"https:\/\/poczuj-miete-do-csr.pl\/index.php\/wp-json\/wp\/v2\/comments?post=2375"}],"version-history":[{"count":0,"href":"https:\/\/poczuj-miete-do-csr.pl\/index.php\/wp-json\/wp\/v2\/posts\/2375\/revisions"}],"wp:attachment":[{"href":"https:\/\/poczuj-miete-do-csr.pl\/index.php\/wp-json\/wp\/v2\/media?parent=2375"}],"wp:term":[{"taxonomy":"category","embeddable":true,"href":"https:\/\/poczuj-miete-do-csr.pl\/index.php\/wp-json\/wp\/v2\/categories?post=2375"},{"taxonomy":"post_tag","embeddable":true,"href":"https:\/\/poczuj-miete-do-csr.pl\/index.php\/wp-json\/wp\/v2\/tags?post=2375"}],"curies":[{"name":"wp","href":"https:\/\/api.w.org\/{rel}","templated":true}]}}