{"id":2409,"date":"2024-07-10T13:21:15","date_gmt":"2024-07-10T13:21:15","guid":{"rendered":"https:\/\/poczuj-miete-do-csr.pl\/?p=2409"},"modified":"2024-07-10T13:21:15","modified_gmt":"2024-07-10T13:21:15","slug":"11-edycja-programu-edukacyjnego-dziel-sie-usmiechem","status":"publish","type":"post","link":"https:\/\/poczuj-miete-do-csr.pl\/index.php\/2024\/07\/10\/11-edycja-programu-edukacyjnego-dziel-sie-usmiechem\/","title":{"rendered":"11. edycja programu edukacyjnego \u201eDziel si\u0119 U\u015bmiechem\u201d"},"content":{"rendered":"\n<p><strong>Wraz z ko\u0144cem roku szkolnego organizatorzy i partnerzy programu edukacyjnego Orbit\u00ae \u201eDziel si\u0119 U\u015bmiechem\u201d oficjalnie podsumowali osi\u0105gni\u0119cia kolejnej edycji. W ramach 11. ods\u0142ony uczniowie z ca\u0142ej Polski na specjalnych lekcjach poznawali zasady prawid\u0142owej higieny jamy ustnej. <\/strong><strong>W tym roku po raz pierwszy do programu do\u0142\u0105czyli te\u017c zer\u00f3wkowicze. W roku szkolnym 2023\/2024 w zaj\u0119ciach edukacyjnych przeprowadzonych przez 2157 nauczycieli wzi\u0119\u0142a udzia\u0142 rekordowa liczba blisko 134 tysi\u0119cy uczni\u00f3w z 1286 plac\u00f3wek edukacyjnych z 570 miejscowo\u015bci.<\/strong><\/p>\n\n\n\n<figure class=\"wp-block-image size-large\"><img loading=\"lazy\" decoding=\"async\" width=\"1024\" height=\"1024\" src=\"https:\/\/poczuj-miete-do-csr.pl\/wp-content\/uploads\/2024\/07\/DSU_XI_Edycja_Podsumowanie-1024x1024.png\" alt=\"\" class=\"wp-image-2410\" srcset=\"https:\/\/poczuj-miete-do-csr.pl\/wp-content\/uploads\/2024\/07\/DSU_XI_Edycja_Podsumowanie-1024x1024.png 1024w, https:\/\/poczuj-miete-do-csr.pl\/wp-content\/uploads\/2024\/07\/DSU_XI_Edycja_Podsumowanie-300x300.png 300w, https:\/\/poczuj-miete-do-csr.pl\/wp-content\/uploads\/2024\/07\/DSU_XI_Edycja_Podsumowanie-150x150.png 150w, https:\/\/poczuj-miete-do-csr.pl\/wp-content\/uploads\/2024\/07\/DSU_XI_Edycja_Podsumowanie-768x768.png 768w, https:\/\/poczuj-miete-do-csr.pl\/wp-content\/uploads\/2024\/07\/DSU_XI_Edycja_Podsumowanie.png 1080w\" sizes=\"auto, (max-width: 1024px) 100vw, 1024px\" \/><\/figure>\n\n\n\n<p>Organizatorzy podsumowali 11. edycj\u0119 programu edukacyjnego \u201eDziel si\u0119 U\u015bmiechem\u201d<\/p>\n\n\n\n<ul class=\"wp-block-list\">\n<li>Do programu w zako\u0144czonym w\u0142a\u015bnie roku szkolnym przyst\u0105pi\u0142a <strong>rekordowa liczba<\/strong> <strong>1286 plac\u00f3wek edukacyjnych<\/strong>, <strong>6580 klas oraz 2157 nauczycieli.<\/strong><\/li>\n\n\n\n<li>Kolejne <strong>blisko 134 tysi\u0105ce dzieci <\/strong>nauczy\u0142osi\u0119 dba\u0107 o zdrowy u\u015bmiech.<\/li>\n\n\n\n<li>Od pocz\u0105tku programu wzi\u0119\u0142o w nim udzia\u0142 <strong>ju\u017c ponad 1 milion uczni\u00f3w<\/strong> z klas 0-3 szk\u00f3\u0142 podstawowych.<\/li>\n\n\n\n<li>W trakcie wakacji materia\u0142y edukacyjne trafi\u0105 do blisko <strong>16 tysi\u0119cy podopiecznych PCK podczas kolonii, p\u00f3\u0142kolonii i piknik\u00f3w edukacyjnych.<\/strong><\/li>\n<\/ul>\n\n\n\n<p>\u2013 <em>Kolejna udana edycja programu za nami. Kolejne tysi\u0105ce dzieci dowiedzia\u0142y si\u0119 jak w prosty spos\u00f3b dba\u0107 o zdrowie z\u0119b\u00f3w. Chcia\u0142abym podzi\u0119kowa\u0107 wszystkim nauczycielom i koordynatorom PCK, kt\u00f3rzy s\u0105 si\u0142\u0105 nap\u0119dow\u0105 i sercem ca\u0142ego programu. Liczymy na r\u00f3wnie mocne zaanga\u017cowanie w kolejnej edycji, tak aby zmniejsza\u0107 skal\u0119 pr\u00f3chnicy w Polsce <\/em>\u2013dodaje<strong> Ma\u0142gorzata Szuka\u0142a, Kierowniczka Dzia\u0142u Promocji i Pozyskiwania Dochod\u00f3w, Polski Czerwony Krzy\u017c.<\/strong><\/p>\n\n\n\n<p><strong>Walka z pr\u00f3chnic\u0105<\/strong><\/p>\n\n\n\n<p>Program Orbit\u00ae \u201eDziel si\u0119 U\u015bmiechem\u201d powsta\u0142 z inicjatywy Mars Polska, producenta bezcukrowych gum, kt\u00f3rych \u017cucie jest z jednym z element\u00f3w profilaktyki pr\u00f3chnicy, oraz Polskiego Czerwonego Krzy\u017ca w odpowiedzi na alarmuj\u0105ce dane dotycz\u0105ce stanu uz\u0119bienia u najm\u0142odszych. Wed\u0142ug szacunk\u00f3w Ministerstwa Zdrowia, problem pr\u00f3chnicy dotyczy niemal 82% sze\u015bciolatk\u00f3w<a href=\"#_ftn1\" id=\"_ftnref1\">[1]<\/a>, natomiast raport&nbsp;WHO Global Oral Health&nbsp;wskazuje, \u017ce a\u017c 46% przypadk\u00f3w pr\u00f3chnicy w\u015br\u00f3d dzieci w wieku do 9. roku \u017cycia nie jest leczonych<a href=\"#_ftn2\" id=\"_ftnref2\">[2]<\/a>.<\/p>\n\n\n\n<p>Inicjatywa stawia na szerzenie wiedzy na temat zasad prawid\u0142owej higieny jamy ustnej w\u015br\u00f3d dzieci ju\u017c od najm\u0142odszych lat. Dlatego w tym roku po raz pierwszy w programie mogli wzi\u0105\u0107 udzia\u0142 uczniowie szkolnych i przedszkolnych zer\u00f3wek. Dla najm\u0142odszych uczestnik\u00f3w inicjatywy przygotowano specjalnie anga\u017cuj\u0105ce materia\u0142y edukacyjne, dostosowane do ich wieku i mo\u017cliwo\u015bci percepcyjnych. Zaj\u0119cia edukacyjne, w kt\u00f3rych brali udzia\u0142 uczniowie, obejmowa\u0142y m.in. pokazy prawid\u0142owego mycia z\u0119b\u00f3w, przekazywanie informacji na temat zbilansowanej diety czy oswajanie dzieci z wizyt\u0105 u dentysty i podkre\u015blanie znaczenia regularnych wizyt kontrolnych. Wsparcie merytoryczne, jak zawsze zapewniali eksperci z Polskiego Towarzystwa Stomatologicznego oraz Polskiego Towarzystwa Stomatologii Dzieci\u0119cej. &nbsp;<\/p>\n\n\n\n<figure class=\"wp-block-image size-full\"><img loading=\"lazy\" decoding=\"async\" width=\"613\" height=\"853\" src=\"https:\/\/poczuj-miete-do-csr.pl\/wp-content\/uploads\/2024\/07\/4-kroki-_Orbit.png\" alt=\"\" class=\"wp-image-2411\" srcset=\"https:\/\/poczuj-miete-do-csr.pl\/wp-content\/uploads\/2024\/07\/4-kroki-_Orbit.png 613w, https:\/\/poczuj-miete-do-csr.pl\/wp-content\/uploads\/2024\/07\/4-kroki-_Orbit-216x300.png 216w\" sizes=\"auto, (max-width: 613px) 100vw, 613px\" \/><\/figure>\n\n\n\n<p>\u2013 <em>Wspieraj\u0105c program \u201eDziel si\u0119 U\u015bmiechem\u201d, inwestujemy nie tylko w zdrowy u\u015bmiech dzieci, ale r\u00f3wnie\u017c w ich og\u00f3lne zdrowie i dobre samopoczucie. Brak odpowiedniej higieny jamy ustnej mo\u017ce bowiem prowadzi\u0107 do powik\u0142a\u0144, nawet tak powa\u017cnych jak problemy z sercem czy uk\u0142adem oddechowym. Program \u201eDziel si\u0119 U\u015bmiechem\u201d uczy dzieci prawid\u0142owych nawyk\u00f3w piel\u0119gnacyjnych, co jest kluczowe dla ich zdrowia w przysz\u0142o\u015bci <\/em>\u2013 zaznacza<strong> Profesor Marzena Dominiak, Prezydentka Polskiego Towarzystwa Stomatologicznego.<\/strong><\/p>\n\n\n\n<p><strong>Dbanie o zdrowy u\u015bmiech przez ca\u0142y rok<\/strong><\/p>\n\n\n\n<p>Lato to czas beztroski i zabawy obfituj\u0105cy w wiele rodzinnych wyjazd\u00f3w, ale te\u017c kolonii czy oboz\u00f3w. Wa\u017cne, aby ten czas nie sta\u0142 si\u0119 r\u00f3wnie\u017c wakacjami od codziennej rutyny higienicznej. Dlatego podczas wakacji materia\u0142y edukacyjne trafi\u0105 do blisko 16 tysi\u0119cy podopiecznych PCK podczas kolonii, p\u00f3\u0142kolonii i piknik\u00f3w edukacyjnych.<\/p>\n\n\n\n<p><em>\u2013<\/em><em> <\/em><em>Podczas wakacyjnych wyjazd\u00f3w dzieci nierzadko z wi\u0119ksz\u0105 cz\u0119stotliwo\u015bci\u0105 spo\u017cywaj\u0105 posi\u0142ki, g\u0142\u00f3wnie w postaci przek\u0105sek. &nbsp;Dlatego tak wa\u017cna jest edukacja i przypominanie o prawid\u0142owych nawykach r\u00f3wnie\u017c latem. Nale\u017cy te\u017c pami\u0119ta\u0107, \u017ce kiedy nie mamy mo\u017cliwo\u015bci umycia z\u0119b\u00f3w po jedzeniu czy piciu mo\u017cna, a nawet powinno si\u0119 si\u0119gn\u0105\u0107 po bezcukrow\u0105 gum\u0119, kt\u00f3rej \u017cucie przyczynia si\u0119 do podniesienia poziomu pH w jamie ustnej,&nbsp; remineralizacji szkliwa, a w konsekwencji zmniejszenia ryzyka pr\u00f3chnicy \u2013 <\/em>m\u00f3wi<strong> Profesor Dorota Olczak-Kowalczyk, Prezeska Polskiego Towarzystwa Stomatologii Dzieci\u0119cej<\/strong>.<\/p>\n\n\n\n<p><strong>Kolejna edycja ju\u017c jesieni\u0105<\/strong><\/p>\n\n\n\n<p>Orbit \u201eDziel si\u0119 U\u015bmiechem\u201d to inicjatywa realizowana nieprzerwanie od 2013 roku. Zaj\u0119cia doskonale wpisuj\u0105 si\u0119 te\u017c w obowi\u0105zuj\u0105c\u0105 podstaw\u0119 programow\u0105, dostarczaj\u0105c nauczycielom anga\u017cuj\u0105ce, ciekawe i wsparte eksperck\u0105 wiedz\u0105 scenariusze zaj\u0119\u0107 i materia\u0142y dydaktyczne. Dlatego jesieni\u0105 2024 roku wystartuje kolejna, ju\u017c 12. edycja programu. Od wrze\u015bnia szko\u0142y oraz przedszkola z oddzia\u0142ami zer\u00f3wki mog\u0105 zg\u0142asza\u0107 si\u0119 do oddzia\u0142\u00f3w PCK w ca\u0142ej Polsce, aby wzi\u0105\u0107 w niej udzia\u0142.<\/p>\n\n\n\n<p><em>\u2013 W Mars Polska wierzymy, \u017ce ka\u017cdy zas\u0142uguje na zdrowy u\u015bmiech, a prawid\u0142owe nawyki warto kszta\u0142towa\u0107 na wczesnym etapie edukacji. Widz\u0105c alarmuj\u0105ce dane dotycz\u0105ce problemu pr\u00f3chnicy u dzieci, 11 lat temu, razem z mark\u0105 Orbit\u00ae zaanga\u017cowali\u015bmy si\u0119 w realizacj\u0119 programu <\/em>\u201e<em>Dziel si\u0119 u\u015bmiechem\u201d. Chcemy kontynuowa\u0107 t\u0119 wa\u017cn\u0105 spo\u0142ecznie inicjatyw\u0119 r\u00f3wnie\u017c w nast\u0119pnym roku szkolnym, dlatego po raz kolejny sfinansujemy realizacj\u0119 programu, aby wsp\u00f3lnie z naszymi partnerami wp\u0142ywa\u0107 na popraw\u0119 zdrowia jamy ustnej najm\u0142odszych \u2013 <\/em>podsumowuje<strong> Monika Piekarska, Kierowniczka ds. Korporacyjnych, Mars Polska<\/strong>.<\/p>\n\n\n\n<p><strong>O firmie Mars, Incorporated<\/strong><\/p>\n\n\n\n<p>Mars Incorporated to prywatna firma rodzinna z ponad stuletni\u0105 tradycj\u0105, kt\u00f3ra produkuje znane i lubiane przez naszych konsument\u00f3w produkty: wyroby czekoladowe (m.in. MARS\u00ae, M&amp;M\u2019S\u00ae, SNICKERS\u00ae, TWIX\u00ae), gumy do \u017cucia i mi\u0119tusy (ORBIT\u00ae, WINTERFRESH\u00ae, AIRWAVES\u00ae) oraz jedzenie dla zwierz\u0105t (PEDIGREE\u00ae, CHAPPI\u00ae, ROYAL CANIN\u00ae, SHEBA\u00ae, WHISKAS\u00ae, PERFECT FIT\u00ae). Obecnie w 80 krajach na ca\u0142ym \u015bwiecie Mars, Inc. zatrudnia ponad 140 000 pe\u0142nych entuzjazmu Wsp\u00f3\u0142pracownik\u00f3w, kt\u00f3rych \u0142\u0105czy i kt\u00f3rym przy\u015bwieca Pi\u0119\u0107 Zasad. Ka\u017cda z nich \u2013 Jako\u015b\u0107, Odpowiedzialno\u015b\u0107, Wzajemno\u015b\u0107, Wydajno\u015b\u0107 i Wolno\u015b\u0107 \u2013 inspiruje w codziennej pracy. Wszystkich Wsp\u00f3\u0142pracownik\u00f3w \u0142\u0105czy r\u00f3wnie\u017c przekonanie, \u017ce \u015bwiat, jakiego pragniemy jutro, zaczyna si\u0119 od tego, jak prowadzimy nasz biznes dzisiaj.<\/p>\n\n\n\n<p>Wi\u0119cej informacji o firmie Mars publikujemy na stronie <a href=\"http:\/\/www.mars.com\">www.mars.com<\/a><\/p>\n\n\n\n<hr class=\"wp-block-separator has-alpha-channel-opacity\"\/>\n\n\n\n<p><a href=\"#_ftnref1\" id=\"_ftn1\">[1]<\/a><em> Monitorowanie stanu zdrowia jamy ustnej populacji polskiej i jego uwarunkowa\u0144 w latach 2016-2020. Ocena stanu zdrowia jamy ustnej i jego uwarunkowa\u0144 w populacji polskiej w wieku 6, i 10 oraz 15 lat w 2018 roku<\/em>, red. Dorota Olczak-Kowalczyk. Oficyna Wydawnicza Warszawskiego Uniwersytetu Medycznego, Warszawa 2019.<\/p>\n\n\n\n<p><a href=\"#_ftnref2\" id=\"_ftn2\">[2]<\/a> WHO Global Oral Health Report, 2022 r.<\/p>\n","protected":false},"excerpt":{"rendered":"<p>Wraz z ko\u0144cem roku szkolnego organizatorzy i partnerzy programu edukacyjnego Orbit\u00ae \u201eDziel si\u0119 U\u015bmiechem\u201d oficjalnie podsumowali osi\u0105gni\u0119cia kolejnej edycji. W ramach 11. ods\u0142ony uczniowie z ca\u0142ej Polski na specjalnych lekcjach poznawali zasady prawid\u0142owej higieny jamy ustnej. W tym roku po raz pierwszy do programu do\u0142\u0105czyli te\u017c zer\u00f3wkowicze. W roku szkolnym 2023\/2024 w zaj\u0119ciach edukacyjnych przeprowadzonych przez 2157 nauczycieli wzi\u0119\u0142a udzia\u0142 rekordowa liczba blisko 134 tysi\u0119cy uczni\u00f3w z 1286 plac\u00f3wek edukacyjnych z 570 miejscowo\u015bci. Organizatorzy podsumowali 11. edycj\u0119 programu edukacyjnego \u201eDziel si\u0119 U\u015bmiechem\u201d \u2013 Kolejna udana edycja programu za nami. Kolejne tysi\u0105ce dzieci dowiedzia\u0142y si\u0119 jak w prosty spos\u00f3b dba\u0107 o zdrowie z\u0119b\u00f3w. Chcia\u0142abym podzi\u0119kowa\u0107 wszystkim nauczycielom i koordynatorom PCK, kt\u00f3rzy s\u0105 si\u0142\u0105 nap\u0119dow\u0105 i sercem ca\u0142ego programu. Liczymy na r\u00f3wnie mocne zaanga\u017cowanie w kolejnej edycji, tak aby zmniejsza\u0107 skal\u0119 pr\u00f3chnicy w Polsce \u2013dodaje Ma\u0142gorzata Szuka\u0142a, Kierowniczka Dzia\u0142u Promocji i Pozyskiwania Dochod\u00f3w, Polski Czerwony Krzy\u017c. Walka z pr\u00f3chnic\u0105 Program Orbit\u00ae \u201eDziel si\u0119 U\u015bmiechem\u201d powsta\u0142 z inicjatywy Mars Polska, producenta bezcukrowych gum, kt\u00f3rych \u017cucie jest z jednym z element\u00f3w profilaktyki pr\u00f3chnicy, oraz Polskiego Czerwonego Krzy\u017ca w odpowiedzi na alarmuj\u0105ce dane dotycz\u0105ce stanu uz\u0119bienia u najm\u0142odszych. Wed\u0142ug szacunk\u00f3w Ministerstwa Zdrowia, problem pr\u00f3chnicy dotyczy niemal 82% sze\u015bciolatk\u00f3w[1], natomiast raport&nbsp;WHO Global Oral Health&nbsp;wskazuje, \u017ce a\u017c 46% przypadk\u00f3w pr\u00f3chnicy w\u015br\u00f3d dzieci w wieku do 9. roku \u017cycia nie jest leczonych[2]. Inicjatywa stawia na szerzenie wiedzy na temat zasad prawid\u0142owej higieny jamy ustnej w\u015br\u00f3d dzieci ju\u017c od najm\u0142odszych lat. Dlatego w tym roku po raz pierwszy w programie mogli wzi\u0105\u0107 udzia\u0142 uczniowie szkolnych i przedszkolnych zer\u00f3wek. Dla najm\u0142odszych uczestnik\u00f3w inicjatywy przygotowano specjalnie anga\u017cuj\u0105ce materia\u0142y edukacyjne, dostosowane do ich wieku i mo\u017cliwo\u015bci percepcyjnych. Zaj\u0119cia edukacyjne, w kt\u00f3rych brali udzia\u0142 uczniowie, obejmowa\u0142y m.in. pokazy prawid\u0142owego mycia z\u0119b\u00f3w, przekazywanie informacji na temat zbilansowanej diety czy oswajanie dzieci z wizyt\u0105 u dentysty i podkre\u015blanie znaczenia regularnych wizyt kontrolnych. Wsparcie merytoryczne, jak zawsze zapewniali eksperci z Polskiego Towarzystwa Stomatologicznego oraz Polskiego Towarzystwa Stomatologii Dzieci\u0119cej. &nbsp; \u2013 Wspieraj\u0105c program \u201eDziel si\u0119 U\u015bmiechem\u201d, inwestujemy nie tylko w zdrowy u\u015bmiech dzieci, ale r\u00f3wnie\u017c w ich og\u00f3lne zdrowie i dobre samopoczucie. Brak odpowiedniej higieny jamy ustnej mo\u017ce bowiem prowadzi\u0107 do powik\u0142a\u0144, nawet tak powa\u017cnych jak problemy z sercem czy uk\u0142adem oddechowym. Program \u201eDziel si\u0119 U\u015bmiechem\u201d uczy dzieci prawid\u0142owych nawyk\u00f3w piel\u0119gnacyjnych, co jest kluczowe dla ich zdrowia w przysz\u0142o\u015bci \u2013 zaznacza Profesor Marzena Dominiak, Prezydentka Polskiego Towarzystwa Stomatologicznego. Dbanie o zdrowy u\u015bmiech przez ca\u0142y rok Lato to czas beztroski i zabawy obfituj\u0105cy w wiele rodzinnych wyjazd\u00f3w, ale te\u017c kolonii czy oboz\u00f3w. Wa\u017cne, aby ten czas nie sta\u0142 si\u0119 r\u00f3wnie\u017c wakacjami od codziennej rutyny higienicznej. Dlatego podczas wakacji materia\u0142y edukacyjne trafi\u0105 do blisko 16 tysi\u0119cy podopiecznych PCK podczas kolonii, p\u00f3\u0142kolonii i piknik\u00f3w edukacyjnych. \u2013 Podczas wakacyjnych wyjazd\u00f3w dzieci nierzadko z wi\u0119ksz\u0105 cz\u0119stotliwo\u015bci\u0105 spo\u017cywaj\u0105 posi\u0142ki, g\u0142\u00f3wnie w postaci przek\u0105sek. &nbsp;Dlatego tak wa\u017cna jest edukacja i przypominanie o prawid\u0142owych nawykach r\u00f3wnie\u017c latem. Nale\u017cy te\u017c pami\u0119ta\u0107, \u017ce kiedy nie mamy mo\u017cliwo\u015bci umycia z\u0119b\u00f3w po jedzeniu czy piciu mo\u017cna, a nawet powinno si\u0119 si\u0119gn\u0105\u0107 po bezcukrow\u0105 gum\u0119, kt\u00f3rej \u017cucie przyczynia si\u0119 do podniesienia poziomu pH w jamie ustnej,&nbsp; remineralizacji szkliwa, a w konsekwencji zmniejszenia ryzyka pr\u00f3chnicy \u2013 m\u00f3wi Profesor Dorota Olczak-Kowalczyk, Prezeska Polskiego Towarzystwa Stomatologii Dzieci\u0119cej. Kolejna edycja ju\u017c jesieni\u0105 Orbit \u201eDziel si\u0119 U\u015bmiechem\u201d to inicjatywa realizowana nieprzerwanie od 2013 roku. Zaj\u0119cia doskonale wpisuj\u0105 si\u0119 te\u017c w obowi\u0105zuj\u0105c\u0105 podstaw\u0119 programow\u0105, dostarczaj\u0105c nauczycielom anga\u017cuj\u0105ce, ciekawe i wsparte eksperck\u0105 wiedz\u0105 scenariusze zaj\u0119\u0107 i materia\u0142y dydaktyczne. Dlatego jesieni\u0105 2024 roku wystartuje kolejna, ju\u017c 12. edycja programu. Od wrze\u015bnia szko\u0142y oraz przedszkola z oddzia\u0142ami zer\u00f3wki mog\u0105 zg\u0142asza\u0107 si\u0119 do oddzia\u0142\u00f3w PCK w ca\u0142ej Polsce, aby wzi\u0105\u0107 w niej udzia\u0142. \u2013 W Mars Polska wierzymy, \u017ce ka\u017cdy zas\u0142uguje na zdrowy u\u015bmiech, a prawid\u0142owe nawyki warto kszta\u0142towa\u0107 na wczesnym etapie edukacji. Widz\u0105c alarmuj\u0105ce dane dotycz\u0105ce problemu pr\u00f3chnicy u dzieci, 11 lat temu, razem z mark\u0105 Orbit\u00ae zaanga\u017cowali\u015bmy si\u0119 w realizacj\u0119 programu \u201eDziel si\u0119 u\u015bmiechem\u201d. Chcemy kontynuowa\u0107 t\u0119 wa\u017cn\u0105 spo\u0142ecznie inicjatyw\u0119 r\u00f3wnie\u017c w nast\u0119pnym roku szkolnym, dlatego po raz kolejny sfinansujemy realizacj\u0119 programu, aby wsp\u00f3lnie z naszymi partnerami wp\u0142ywa\u0107 na popraw\u0119 zdrowia jamy ustnej najm\u0142odszych \u2013 podsumowuje Monika Piekarska, Kierowniczka ds. Korporacyjnych, Mars Polska. O firmie Mars, Incorporated Mars Incorporated to prywatna firma rodzinna z ponad stuletni\u0105 tradycj\u0105, kt\u00f3ra produkuje znane i lubiane przez naszych konsument\u00f3w produkty: wyroby czekoladowe (m.in. MARS\u00ae, M&amp;M\u2019S\u00ae, SNICKERS\u00ae, TWIX\u00ae), gumy do \u017cucia i mi\u0119tusy (ORBIT\u00ae, WINTERFRESH\u00ae, AIRWAVES\u00ae) oraz jedzenie dla zwierz\u0105t (PEDIGREE\u00ae, CHAPPI\u00ae, ROYAL CANIN\u00ae, SHEBA\u00ae, WHISKAS\u00ae, PERFECT FIT\u00ae). Obecnie w 80 krajach na ca\u0142ym \u015bwiecie Mars, Inc. zatrudnia ponad 140 000 pe\u0142nych entuzjazmu Wsp\u00f3\u0142pracownik\u00f3w, kt\u00f3rych \u0142\u0105czy i kt\u00f3rym przy\u015bwieca Pi\u0119\u0107 Zasad. Ka\u017cda z nich \u2013 Jako\u015b\u0107, Odpowiedzialno\u015b\u0107, Wzajemno\u015b\u0107, Wydajno\u015b\u0107 i Wolno\u015b\u0107 \u2013 inspiruje w codziennej pracy. Wszystkich Wsp\u00f3\u0142pracownik\u00f3w \u0142\u0105czy r\u00f3wnie\u017c przekonanie, \u017ce \u015bwiat, jakiego pragniemy jutro, zaczyna si\u0119 od tego, jak prowadzimy nasz biznes dzisiaj. Wi\u0119cej informacji o firmie Mars publikujemy na stronie www.mars.com [1] Monitorowanie stanu zdrowia jamy ustnej populacji polskiej i jego uwarunkowa\u0144 w latach 2016-2020. Ocena stanu zdrowia jamy ustnej i jego uwarunkowa\u0144 w populacji polskiej w wieku 6, i 10 oraz 15 lat w 2018 roku, red. Dorota Olczak-Kowalczyk. Oficyna Wydawnicza Warszawskiego Uniwersytetu Medycznego, Warszawa 2019. [2] WHO Global Oral Health Report, 2022 r.<\/p>\n","protected":false},"author":1,"featured_media":2410,"comment_status":"open","ping_status":"open","sticky":false,"template":"","format":"standard","meta":{"om_disable_all_campaigns":false,"_monsterinsights_skip_tracking":false,"_monsterinsights_sitenote_active":false,"_monsterinsights_sitenote_note":"","_monsterinsights_sitenote_category":0,"_uf_show_specific_survey":0,"_uf_disable_surveys":false,"footnotes":""},"categories":[7],"tags":[11,13,12,10,14],"class_list":["post-2409","post","type-post","status-publish","format-standard","has-post-thumbnail","hentry","category-aktualnosci-ze-swiata-esg","tag-dzielsieusmiechem","tag-edukacja","tag-orbit","tag-programedukacyjny","tag-walkazprochnica"],"aioseo_notices":[],"_links":{"self":[{"href":"https:\/\/poczuj-miete-do-csr.pl\/index.php\/wp-json\/wp\/v2\/posts\/2409","targetHints":{"allow":["GET"]}}],"collection":[{"href":"https:\/\/poczuj-miete-do-csr.pl\/index.php\/wp-json\/wp\/v2\/posts"}],"about":[{"href":"https:\/\/poczuj-miete-do-csr.pl\/index.php\/wp-json\/wp\/v2\/types\/post"}],"author":[{"embeddable":true,"href":"https:\/\/poczuj-miete-do-csr.pl\/index.php\/wp-json\/wp\/v2\/users\/1"}],"replies":[{"embeddable":true,"href":"https:\/\/poczuj-miete-do-csr.pl\/index.php\/wp-json\/wp\/v2\/comments?post=2409"}],"version-history":[{"count":1,"href":"https:\/\/poczuj-miete-do-csr.pl\/index.php\/wp-json\/wp\/v2\/posts\/2409\/revisions"}],"predecessor-version":[{"id":2412,"href":"https:\/\/poczuj-miete-do-csr.pl\/index.php\/wp-json\/wp\/v2\/posts\/2409\/revisions\/2412"}],"wp:featuredmedia":[{"embeddable":true,"href":"https:\/\/poczuj-miete-do-csr.pl\/index.php\/wp-json\/wp\/v2\/media\/2410"}],"wp:attachment":[{"href":"https:\/\/poczuj-miete-do-csr.pl\/index.php\/wp-json\/wp\/v2\/media?parent=2409"}],"wp:term":[{"taxonomy":"category","embeddable":true,"href":"https:\/\/poczuj-miete-do-csr.pl\/index.php\/wp-json\/wp\/v2\/categories?post=2409"},{"taxonomy":"post_tag","embeddable":true,"href":"https:\/\/poczuj-miete-do-csr.pl\/index.php\/wp-json\/wp\/v2\/tags?post=2409"}],"curies":[{"name":"wp","href":"https:\/\/api.w.org\/{rel}","templated":true}]}}