{"id":495,"date":"2016-11-07T08:29:58","date_gmt":"2016-11-07T07:29:58","guid":{"rendered":"http:\/\/poczuj-miete-do-csr.blog.pl\/?p=495"},"modified":"2016-11-07T08:29:58","modified_gmt":"2016-11-07T07:29:58","slug":"nie-wszyscy-bohaterowie-nosza-peleryny","status":"publish","type":"post","link":"https:\/\/poczuj-miete-do-csr.pl\/index.php\/2016\/11\/07\/nie-wszyscy-bohaterowie-nosza-peleryny\/","title":{"rendered":"Nie wszyscy bohaterowie nosz\u0105 peleryny"},"content":{"rendered":"<p style=\"text-align: center\"><a href=\"http:\/\/poczuj-miete-do-csr.pl\/wp-content\/uploads\/2016\/11\/Fotolia_106980596_S.jpg\"><img loading=\"lazy\" decoding=\"async\" class=\" wp-image-496 aligncenter\" alt=\"Businessman Superhero With Red Cape Dominates The City\" src=\"http:\/\/poczuj-miete-do-csr.pl\/wp-content\/uploads\/2016\/11\/Fotolia_106980596_S.jpg\" width=\"1161\" height=\"413\" \/><\/a><\/p>\n<p>\u017byjemy w wielkich skupiskach miejskich, gdzie nietrudno o wypadek lub nag\u0142e zdarzenie, kt\u00f3re b\u0119dzie od nas wymaga\u0142o reakcji. Jad\u0105c samochodem, b\u0119d\u0105c w pracy czy na spacerze, mo\u017ce si\u0119 okaza\u0107, \u017ce nasza wiedza, lub umiej\u0119tno\u015bci kogo\u015b w naszym otoczeniu zawa\u017c\u0105 o \u017cyciu i \u015bmierci.<\/p>\n<p>Dzieci ju\u017c od najm\u0142odszych lat s\u0105 zapoznawane z zasadami pierwszej pomocy. Jest to w\u0142\u0105czane do programu nauczania lub prowadzone w formie dodatkowych kurs\u00f3w. Takie kursy prowadzi na przyk\u0142ad WO\u015aP czy Polski Czerwony Krzy\u017c. Przynosi to zamierzony skutek, coraz cz\u0119\u015bciej s\u0142yszymy w mediach, \u017ce nastolatka zareagowa\u0142a i uratowa\u0142a komu\u015b \u017cycie podczas, gdy doro\u015bli nie wiedzieli jak zareagowa\u0107 lub dziecko wiedzia\u0142o, \u017ce trzeba zadzwoni\u0107 na pogotowie. Mam wra\u017cenie, \u017ce dzieci cz\u0119\u015bciej potrafi\u0105 si\u0119gn\u0105\u0107 po swoj\u0105 wiedz\u0119 i ruszy\u0107 by ratowa\u0107 drugiego cz\u0142owieka, bo nie my\u015bl\u0105 o wszystkich mo\u017cliwych konsekwencjach, skupiaj\u0105 si\u0119 na tym co naprawd\u0119 wa\u017cne \u2013 ratowaniu \u017cycia. A co z doros\u0142ymi? Ka\u017cdy kiedy\u015b spotka\u0142 si\u0119 z jak\u0105\u015b form\u0105 kursu pierwszej pomocy, na lekcjach PO, w harcerstwie czy pracy, ka\u017cdy widzia\u0142 \u201eco\u015b\u201d w telewizji, ale cho\u0107 wiedza o ratownictwie medycznym jest powszechna, nie ka\u017cdy potrafi wykorzysta\u0107 j\u0105 w praktyce. Wiele razy widzia\u0142am jak ludzie omijali le\u017c\u0105c\u0105 na \u0142awce osob\u0119, m\u00f3wi\u0105c \u201epewnie pijany\u201d, rzadko kto\u015b si\u0119 zatrzyma i zapyta czy dany cz\u0142owiek nie potrzebuje pomocy.<\/p>\n<p>Ka\u017cdy obywatel ma okre\u015blone prawem obowi\u0105zki, je\u015bli stanie si\u0119 \u015bwiadkiem wypadku. W \u015bwietle obowi\u0105zuj\u0105cych przepis\u00f3w prawa nieudzielenie pierwszej pomocy jest karalne, jednak wiele os\u00f3b jej nie udziela. Dlaczego? Powod\u00f3w jest wiele, przyk\u0142adowo:<\/p>\n<p>Ludzie boj\u0105 si\u0119, bo nie wiedz\u0105 jak pom\u00f3c, warto pami\u0119ta\u0107, \u017ce pomoc\u0105 jest ju\u017c zadzwonienie po karetk\u0119!<\/p>\n<p>Nie chc\u0105 zaszkodzi\u0107, \u017ceby potem nie zosta\u0107 pozwanym za uszkodzenie cia\u0142a lub mienia (nie nale\u017cy si\u0119 tego ba\u0107, poniewa\u017c prawo chroni ratuj\u0105cego).<\/p>\n<p>Boj\u0105 si\u0119, \u017ce zara\u017c\u0105 si\u0119 od poszkodowanego chorob\u0105 zaka\u017an\u0105 (dlatego warto nosi\u0107 przy sobie m.in. plastikowe r\u0119kawiczki). [1]<\/p>\n<p><i>Korzystaj\u0105c z mo\u017cliwo\u015bci chcia\u0142am przedstawi\u0107 zasady pierwszej pomocy, kt\u00f3re mog\u0105 si\u0119 ka\u017cdemu z Nas kiedy\u015b przyda\u0107 \ud83d\ude09 :<\/i><\/p>\n<p><a href=\"http:\/\/poczuj-miete-do-csr.pl\/wp-content\/uploads\/2016\/11\/pierwsza-pomoc-infografika-1.jpg\"><img loading=\"lazy\" decoding=\"async\" class=\"alignnone size-full wp-image-497\" alt=\"pierwsza-pomoc-infografika-1\" src=\"http:\/\/poczuj-miete-do-csr.pl\/wp-content\/uploads\/2016\/11\/pierwsza-pomoc-infografika-1.jpg\" width=\"800\" height=\"3113\" \/><\/a>Infografika pochodzi ze strony: <a href=\"http:\/\/www.wapteka.pl\/blog\/10-zasad-pierwszej-pomocy-infografika\/\">http:\/\/www.wapteka.pl\/blog\/10-zasad-pierwszej-pomocy-infografika\/<\/a><\/p>\n<p>Prawo w Polsce zobowi\u0105zuje tak\u017ce pracodawc\u00f3w do zapewnienia bezpiecze\u0144stwa i higieny w miejscu pracy. Ka\u017cdy pracownik powinien mie\u0107 dost\u0119p do odpowiednio wyposa\u017conej apteczki oraz pierwszej pomocy przedlekarskiej. Ka\u017cdy pracodawca ma obowi\u0105zek wybra\u0107 i przeszkoli\u0107 z udzielania pierwszej pomocy osob\u0119, kt\u00f3ra b\u0119dzie pe\u0142ni\u0142a rol\u0119 ratownika. Osoba ta jest odpowiedzialna za organizacj\u0119 pomocy, koordynowanie ewakuacji w razie zagro\u017cenia czy pilnowanie stanu wyposa\u017cenia firmowej apteczki. Liczba ratownik\u00f3w w firmie to przewa\u017cnie 1 osoba na 50 pracownik\u00f3w, mo\u017ce ich by\u0107 wi\u0119cej np. ze wzgl\u0119du na stopie\u0144 ryzyka w pracy. Za niski stopie\u0144 ryzyka uznawane s\u0105 biura, biblioteki, hotele, \u015bredni stopie\u0144 ryzyka to firmy zajmuj\u0105ce si\u0119 produkcj\u0105, monta\u017cem, magazynami, a wysoki stopie\u0144 ryzyka to g\u00f3rnictwo, przemys\u0142 ci\u0119\u017cki. [2]<\/p>\n<p>Firmy zajmuj\u0105ce si\u0119 opiek\u0105 medyczn\u0105, takie jak Luxmed, Medicover itp., w swojej dzia\u0142alno\u015bci maj\u0105 elementy ratownictwa medycznego, dzi\u0119ki wykorzystaniu kt\u00f3rych mog\u0105 anga\u017cowa\u0107 si\u0119 w projekty zwi\u0119kszaj\u0105ce bezpiecze\u0144stwo, takie jak edukacja i szkolenia pracownik\u00f3w z zakresu udzielania pierwszej pomocy.<\/p>\n<p>Przyk\u0142adowo &#8211; m.in. Medicover od 2006 roku organizuje mistrzostwa Ratownictwa Medycznego \u201eBezpieczna Firma\u201d, akcja ma na celu promowanie idei ratowania ludzkiego \u017cycia w ka\u017cdych warunkach.[3]<\/p>\n<p>Firma Volkswagen wraz z Wielk\u0105 Orkiestr\u0105 \u015awi\u0105tecznej Pomocy prowadzi program edukacyjny \u201eRatujemy i Uczymy Ratowa\u0107\u201d. Na jego inauguracji zosta\u0142a podj\u0119ta udana pr\u00f3ba pobicia rekordu Guinnessa w resuscytacji kr\u0105\u017ceniowo- oddechowej. Do bicia rekordu zg\u0142osi\u0142o si\u0119 85 030 os\u00f3b, kt\u00f3re jednocze\u015bnie \u0107wiczy\u0142y w wielu miastach. Najwi\u0119ksza grupa zebra\u0142a si\u0119 pod Pa\u0142acem Kultury i Nauki w Warszawie, pozostali uczestnicy wzi\u0119li udzia\u0142 w ustanowieniu rekordu w 868 miejscach na terenie Polski. Prowadz\u0105cym pr\u00f3b\u0119 bicia Rekordu Guinnessa by\u0142 Prezes Zarz\u0105du WO\u015aP \u2013 Jurek Owsiak.<\/p>\n<blockquote>\n<p><i>Podczas pr\u00f3by bicia Rekordu Guinnessa na placu przy Pa\u0142acu Kultury i Nauki zaprezentowano samochody, kt\u00f3re Volkswagen u\u017cyczy\u0142 na potrzeby programu \u201eRatujemy i uczymy ratowa\u0107\u201d oraz do obs\u0142ugi wolontariatu WO\u015aP \u2013 Pokojowego Patrolu. W ci\u0105gu najbli\u017cszych lat Volkswagen wsp\u00f3lnie z Wielk\u0105 Orkiestr\u0105 \u015awi\u0105tecznej Pomocy b\u0119dzie prowadzi\u0142 liczne aktywno\u015bci zwi\u0105zane z promocj\u0105 programu edukacyjnego \u201eRatujemy i Uczymy Ratowa\u0107\u201d, tak aby jak najwi\u0119cej os\u00f3b w Polsce potrafi\u0142o udzieli\u0107 pierwszej pomocy<\/i><i>. [4]<\/i><\/p>\n<\/blockquote>\n<p><i>\u00a0<\/i>Fundacja Wielka Orkiestra \u015awi\u0105tecznej Pomocy od lat prowadzi szkolenia z pierwszej pomocy dla dzieci i m\u0142odzie\u017cy, bezp\u0142atnie przekaza\u0142a te\u017c szko\u0142om ponad 65 000 fantom\u00f3w do nauki resuscytacji oraz podr\u0119czniki i wiele innych materia\u0142\u00f3w dydaktycznych, dodatkowo przeszkoli\u0142a nauczycieli, by mogli prowadzi\u0107 zaj\u0119cia dzieciom. Za spraw\u0105 tych inicjatyw ju\u017c ponad 2,5 miliona dzieci pozna\u0142o zasady udzielania pierwszej pomocy, a nauka resuscytacji kr\u0105\u017ceniowo \u2013 oddechowej sta\u0142a si\u0119 powszechna, bezp\u0142atna i dost\u0119pna dla wszystkich dzieci.[4]<\/p>\n<p>Na szcz\u0119\u015bcie ilo\u015b\u0107 ludzi, kt\u00f3rzy potrafi\u0105 pom\u00f3c systematycznie ro\u015bnie, pojawi\u0142y si\u0119 te\u017c nowe mo\u017cliwo\u015bci \u2013 rzecz, o kt\u00f3rej jeszcze 20 lat temu nikt nie marzy\u0142. Defibrylatory pojawi\u0142y si\u0119 na uczelniach, stacjach metra, a nawet w niekt\u00f3rych taks\u00f3wkach.<\/p>\n<p>O tym, \u017ce taks\u00f3wkarze s\u0105 doskona\u0142ym materia\u0142em na ratownik\u00f3w nie musze chyba nikogo przekonywa\u0107. S\u0105 na ulicach przez ca\u0142\u0105 dob\u0119, pierwsi mog\u0105 zareagowa\u0107 w razie wypadku, widz\u0105 wi\u0119cej ni\u017c zwyk\u0142y kierowca. Pomys\u0142, \u017ceby zostali przeszkoleni z zasad pierwszej pomocy wprowadzi\u0142a korporacja ELE Taxi, kt\u00f3rej wszyscy taks\u00f3wkarze znaj\u0105 zasady pierwszej pomocy, ale to dopiero pocz\u0105tek \ud83d\ude42<\/p>\n<p>Ogromny potencja\u0142, kt\u00f3ry drzemie w korporacji taks\u00f3wkowej, a zw\u0142aszcza tak du\u017cej jak ELE (ok. 1500 pracownik\u00f3w), skomunikowanej ze sob\u0105 \u0142\u0105czno\u015bci\u0105 radiow\u0105 i telefoniczn\u0105, przebywaj\u0105cej na ulicach miasta we wszystkich jego zak\u0105tkach przez 24 godziny na dob\u0119, zosta\u0142 wykorzystany w celu ratowania ludzkich istnie\u0144.<\/p>\n<p>Od stycznia 2012 roku rozpocz\u0119\u0142y si\u0119 kursy z udzielania pierwszej pomocy medycznej przeznaczone dla wszystkich zatrudnionych kierowc\u00f3w. Do dzi\u015b zosta\u0142o przeszkolonych ich ponad 1600, z czego ponad 100 os\u00f3b uko\u0144czy\u0142o tak\u017ce wy\u017cszy etap &#8211; kurs ratownika drogowego PZM. Taks\u00f3wki podczas EURO 2012 by\u0142y wykorzystywane przez Wojew\u00f3dzkie Centrum Zarz\u0105dzania Kryzysowego.<\/p>\n<p>Trzydzie\u015bci taks\u00f3wek ELE Taxi jest wyposa\u017conych w profesjonalny sprz\u0119t do ratowania \u017cycia ludzkiego: defibrylatory AED Plus (Zoll) oraz apteczki R0.<\/p>\n<p>Wr\u00f3\u0107my jednak do powodu zaanga\u017cowania si\u0119 korporacji w takie dzia\u0142ania. Taks\u00f3wkarze ze wzgl\u0119du na specyfik\u0119 pracy bardzo cz\u0119sto natrafiaj\u0105 na r\u00f3\u017cnego typu zdarzenia losowe na drodze, cz\u0119sto to oni pierwsi pojawiaj\u0105 si\u0119 na miejscu wypadku, a dzi\u0119ki przeszkoleniu ich reakcja jest natychmiast<br \/>\nowa: zabezpieczenie terenu, tele<br \/>\nfon na pogotowie, nast\u0119pnie przyst\u0105pienie do czynno\u015bci ratuj\u0105cych zdrowie lub \u017cycie ofiary.<\/p>\n<p style=\"text-align: center\">\u00a0<a href=\"http:\/\/poczuj-miete-do-csr.pl\/wp-content\/uploads\/2016\/11\/1.png\"><img loading=\"lazy\" decoding=\"async\" class=\" wp-image-500 aligncenter\" alt=\"1\" src=\"http:\/\/poczuj-miete-do-csr.pl\/wp-content\/uploads\/2016\/11\/1.png\" width=\"532\" height=\"399\" \/><\/a><\/p>\n<p>Poni\u017cej przebieg kilku akcji ratowniczych z udzia\u0142em taks\u00f3wkarzy ELE Taxi, opowiadany przez nich samych (Bardzo dzi\u0119kuj\u0119 za udost\u0119pnienie materia\u0142\u00f3w Ele Taxi).<\/p>\n<p><b>Taks\u00f3wkarz Pan Adam K.<\/b><\/p>\n<p><i>\u201eMoja pierwsza akcja. Latem 2012, jad\u0105c w korku przez ul. 11 Listopada zauwa\u017cy\u0142em zbiegowisko na chodniku, na ulicy kto\u015b le\u017ca\u0142, wszyscy si\u0119 przygl\u0105dali, nikt nie stara\u0142 si\u0119 pom\u00f3c. Wjecha\u0142em na chodnik, m\u0119\u017cczyzna bez znak\u00f3w \u017cycia, krzykn\u0105\u0142em na jednego z gapi\u00f3w by wezwa\u0142 karetk\u0119, sprawdzi\u0142em funkcje \u017cyciowe, nie oddycha\u0142, brak t\u0119tna. Rozpocz\u0105\u0142em reanimacj\u0119. B\u0142yskawicznie roz\u0142o\u017cy\u0142em AED, rozerwa\u0142em koszul\u0119 le\u017c\u0105cemu, podpi\u0105\u0142em elektrody. Zaskoczy\u0142. Powoli odzyskiwa\u0142 przytomno\u015b\u0107 bezradnie rozgl\u0105daj\u0105c si\u0119 wok\u00f3\u0142. Karetka przyjecha\u0142a po 15 minutach, lekarz stwierdzi\u0142, \u017ce uratowa\u0142em mu \u017cycie.\u201d<\/i><\/p>\n<p><b>TAKS\u00d3WKARZ PAN Piotr W.<\/b><\/p>\n<p><i>\u201e17 grudnia 2013 roku.<\/i> <i>Jecha\u0142em Hynka, przede mn\u0105 dwa rozbite samochody. Zatrzyma\u0142em w\u00f3z blokuj\u0105c pas ruchu, w\u0142\u0105czy\u0142em awaryjne, za\u0142o\u017cy\u0142em kamizelk\u0119, ustawi\u0142em tr\u00f3jk\u0105t. Jeden z kierowc\u00f3w chodzi\u0142 wok\u00f3\u0142 samochod\u00f3w zdezorientowany, drugi w Renault Twingo, zakrwawiony j\u0119cza\u0142 z b\u00f3lu. \u015awiadkowi zdarzenia poleci\u0142em wezwa\u0107 pogotowie, zacz\u0105\u0142 dzwoni\u0107, zaj\u0105\u0142em si\u0119 rannym z Twingo. Za\u0142o\u017cy\u0142em opatrunki na czo\u0142o i r\u0119k\u0119, usztywni\u0142em ko\u0142nierzem szyj\u0119. Przyjecha\u0142o pogotowie i Policja. Przez nikogo nie zatrzymywany wsiad\u0142em do samochodu i ruszy\u0142em. Przyjemnie by\u0142o, gdy odje\u017cd\u017caj\u0105c us\u0142ysza\u0142em oklaski, by\u0142y skierowane do mnie.\u201d<\/i><\/p>\n<p><b>TAKS\u00d3WKARZ PAN Grzegorz M.<\/b><\/p>\n<p><i>\u201e26-go stycznia tego roku jecha\u0142em Wo\u0142osk\u0105 w stron\u0119 Galerii. Wypadek. P\u0142ugosolarka uderzy\u0142a w jad\u0105cy z przeciwnej strony samoch\u00f3d, ten w wyniku uderzenia wpad\u0142 na latarni\u0119. Zablokowa\u0142em ruch, jednemu z gapi\u00f3w kaza\u0142em wezwa\u0107 pogotowie. Kierowca rozbitego wozu narzeka\u0142 na b\u00f3l g\u0142owy i szyi, za\u0142o\u017cy\u0142em mu ko\u0142nierz ortopedyczny. Jeden z trzech siedz\u0105cych na tylnym siedzeniu pasa\u017cer \u00f3w krwawi\u0142 z ust. Zatamowa\u0142em krwawienie, sprawdzi\u0142em pozosta\u0142ych \u2013 nikomu nic si\u0119 nie sta\u0142o. Przyjecha\u0142a karetka nr 32, przekaza\u0142em im poszkodowanych. Gdy zdejmowa\u0142em kamizelk\u0119, z t\u0142umu gapi\u00f3w podszed\u0142 starszy m\u0119\u017cczyzna \u2013 dobra robota \u2013 powiedzia\u0142 \u015bciskaj\u0105c mi r\u0119k\u0119. Mi\u0142e.\u201d<\/i><\/p>\n<p><b>Taks\u00f3wkarz Pan \u0141ukasz K.<\/b><\/p>\n<p><i>\u201e24 listopada 2012, wjecha\u0142em z Marsza\u0142kowskiej w korek na Jerozolimskich. Przy hotelu Polonia zablokowane tramwaje i zbiegowisko ludzi, og\u00f3lne poruszenie. Domy\u015bli\u0142em si\u0119, \u017ce co\u015b si\u0119 sta\u0142o, przebi\u0142em si\u0119 samochodem na lewy pas, blisko miejsca zdarzenia. W pobli\u017cu tor\u00f3w le\u017ca\u0142 zakrwawiony cz\u0142owiek, nikt si\u0119 nim nie zajmowa\u0142. Ustawi\u0142em samoch\u00f3d tak by zablokowa\u0107 ewentualny ruch samochod\u00f3w i pobieg\u0142em do poszkodowanego. Mia\u0142 mocno okaleczon\u0105 g\u0142ow\u0119 \u2013 uderzy\u0142 ni\u0105 w szyb\u0119 tramwaju, kt\u00f3ra a\u017c si\u0119 roztrzaska\u0142a. Spodnie od kolan w d\u00f3\u0142 by\u0142y ca\u0142e we krwi. Krzykn\u0105\u0142em na jednego z obserwator\u00f3w zdarzenia o wezwanie karetki pogotowia i zaj\u0105\u0142em si\u0119 le\u017c\u0105cym m\u0119\u017cczyzn\u0105. By\u0142 nietrze\u017awy, w szoku. Najpierw opatrzy\u0142em g\u0142ow\u0119 \u2013 za\u0142o\u017cy\u0142em opatrunek na ran\u0119 i ko\u0142nierz ortopedyczny na szyj\u0119. Potem rozci\u0105\u0142em spodnie. P\u0142oza tramwaju poprzecina\u0142a sk\u00f3r\u0119 n\u00f3g, ko\u015bci by\u0142y ca\u0142e. Zatamowa\u0142em krwawienie, za\u0142o\u017cy\u0142em opatrunki. Przyjecha\u0142a karetka. Anglik, bo takiej narodowo\u015bci by\u0142 poszkodowany, podzi\u0119kowa\u0142 mi le\u017c\u0105c ju\u017c na noszach.\u201d<\/i><\/p>\n<p><b>TAKS\u00d3WKARZ PAN Arek R.<\/b><\/p>\n<p><i>\u201eUlica Powsi\u0144ska, wiecz\u00f3r, na lewym pasie na ukos stoi samoch\u00f3d bez \u015bwiate\u0142, wewn\u0105trz siedzi \u201ego\u015b\u0107\u201d ze spuszczon\u0105 g\u0142ow\u0105. Zatrzyma\u0142em si\u0119, otworzy\u0142em drzwi, sprawdzi\u0142em t\u0119tno \u2013 s\u0142abo wyczuwalne, bardzo p\u0142ytki oddech. Odchyli\u0142em siedzenie, g\u0142ow\u0119 przechyli\u0142em do g\u00f3ry by udro\u017cni\u0107 drogi oddechowe, wezwa\u0142em karetk\u0119. Pogotowie przyjecha\u0142o prawie natychmiast, zmierzyli cukier, hipoglikemia, zabrali go do szpitala.\u201d<\/i><\/p>\n<p>Dodatkowo w ramach dzia\u0142alno\u015bci AUTOMOBILKLUBU \u201eWARSZAWSKIEGO\u201d ELE taxi w 2015 roku odby\u0142o si\u0119 sporo wydarze\u0144 promuj\u0105cych pierwsz\u0105 pomoc, takich jak akcje edukacyjne w przedszkolach i szko\u0142ach:<b><\/b><\/p>\n<p><a href=\"http:\/\/poczuj-miete-do-csr.pl\/wp-content\/uploads\/2016\/11\/aaaa.jpg\"><img loading=\"lazy\" decoding=\"async\" class=\"alignnone size-full wp-image-508\" alt=\"aaaa\" src=\"http:\/\/poczuj-miete-do-csr.pl\/wp-content\/uploads\/2016\/11\/aaaa.jpg\" width=\"1228\" height=\"396\" \/><\/a>Czy te\u017c serie letnich piknik\u00f3w promuj\u0105cych bezpiecze\u0144stwo na drodze:<\/p>\n<p style=\"text-align: center\"><a href=\"http:\/\/poczuj-miete-do-csr.pl\/wp-content\/uploads\/2016\/11\/bbbbb.jpg\"><img loading=\"lazy\" decoding=\"async\" class=\"size-full wp-image-509 aligncenter\" alt=\"bbbbb\" src=\"http:\/\/poczuj-miete-do-csr.pl\/wp-content\/uploads\/2016\/11\/bbbbb.jpg\" width=\"525\" height=\"178\" \/><\/a><\/p>\n<p>\u00a0<b>\u00a0<\/b><b>\u00a0<a href=\"http:\/\/poczuj-miete-do-csr.pl\/wp-content\/uploads\/2016\/11\/ccccccccc.jpg\"><img loading=\"lazy\" decoding=\"async\" class=\"alignnone  wp-image-510\" alt=\"ccccccccc\" src=\"http:\/\/poczuj-miete-do-csr.pl\/wp-content\/uploads\/2016\/11\/ccccccccc.jpg\" width=\"1358\" height=\"507\" \/><\/a><\/b>Potrzebne jest upowszechnianie tej wiedzy. Marzy mi si\u0119 \u015bwiat, w kt\u00f3rym ka\u017cdy zna zasady pierwszej pomocy, ka\u017cdy si\u0119 zatrzyma i zapyta, ka\u017cdy b\u0119dzie wiedzia\u0142, co robi\u0107. Jednak by ten idealny stan osi\u0105gn\u0105\u0107 musimy edukowa\u0107 wszystkie grupy wiekowe od najm\u0142odszych, po kluby seniora. W ka\u017cdym mo\u017cliwym miejscu, na ka\u017cdych targach i jarmarkach. Nigdy nie wiemy, komu mo\u017ce to uratowa\u0107 \u017cycie. Warto \u017ceby firmy szkoli\u0142y swoich pracownik\u00f3w, \u017ceby anga\u017cowa\u0142y si\u0119 (mo\u017ce w ramach dzia\u0142a\u0107 CSR?) w akcje szkole\u0144. Je\u015bli wykorzystamy nasze zasoby i mo\u017cliwo\u015bci, a mamy ich tak wiele, to mo\u017ce, mam nadziej\u0119, kt\u00f3rego\u015b dnia, gdy my b\u0119dziemy potrzebowali pomocy, znajdzie si\u0119 kto\u015b, kto b\u0119dzie umia\u0142 jej udzieli\u0107 i nie przejdzie oboj\u0119tnie.<\/p>\n<p>&nbsp;<\/p>\n<p>\u0179r\u00f3d\u0142a:<\/p>\n<p>Za materia\u0142y bardzo dzi\u0119kuj\u0119 firmie ELE taxi, kt\u00f3rej dzia\u0142ania zainspirowa\u0142y mnie do napisania tego artyku\u0142u.<\/p>\n<p>[1] <a href=\"http:\/\/kryzysowo.pl\/piec-piec-powodow-dlaczego-nie-udzielam-pierwszej-pomocy\/\">http:\/\/kryzysowo.pl\/piec-piec-powodow-dlaczego-nie-udzielam-pierwszej-pomocy\/<\/a><\/p>\n<p>[2] <a href=\"http:\/\/kadry.infor.pl\/bhp\/bezpieczenstwo-pracy\/310063,Obowiazki-pracodawcy-w-zakresie-pierwszej-pomocy.html\">http:\/\/kadry.infor.pl\/bhp\/bezpieczenstwo-pracy\/310063,Obowiazki-pracodawcy-w-zakresie-pierwszej-pomocy.html<\/a><\/p>\n<p>[3] <a href=\"https:\/\/www.medicover.pl\/oferta-dla-firm\/ratownictwo-medyczne\/bezpieczna-firma\/\">https:\/\/www.medicover.pl\/oferta-dla-firm\/ratownictwo-medyczne\/bezpieczna-firma\/<\/a><\/p>\n<p>[4] <a href=\"http:\/\/wde.warszawa.pl\/volkswagen-partnerem-programu-edukacyjnego-ratujemy-uczymy-ratowac-oraz-pokojowego-patrolu-wielkiej-orkiestry-swiatecznej-pomocy\/\">http:\/\/wde.warszawa.pl\/volkswagen-partnerem-programu-edukacyjnego-ratujemy-uczymy-ratowac-oraz-pokojowego-patrolu-wielkiej-orkiestry-swiatecznej-pomocy\/<\/a><\/p>\n<p>Inne:<\/p>\n<p>FILMIK <a href=\"https:\/\/sds.wp.tv\/2906330-h.webm\">https:\/\/sds.wp.tv\/2906330-h.webm<\/a><\/p>\n<p>https:\/\/portal.abczdrowie.pl\/udzielanie-pierwszej-pomocy-przedmedycznej<\/p>\n","protected":false},"excerpt":{"rendered":"<p>\u017byjemy w wielkich skupiskach miejskich, gdzie nietrudno o wypadek lub nag\u0142e zdarzenie, kt\u00f3re b\u0119dzie od nas wymaga\u0142o reakcji. Jad\u0105c samochodem, b\u0119d\u0105c w pracy czy na spacerze, mo\u017ce si\u0119 okaza\u0107, \u017ce nasza wiedza, lub umiej\u0119tno\u015bci kogo\u015b w naszym otoczeniu zawa\u017c\u0105 o \u017cyciu i \u015bmierci. Dzieci ju\u017c od najm\u0142odszych lat s\u0105 zapoznawane z zasadami pierwszej pomocy. Jest to w\u0142\u0105czane do programu nauczania lub prowadzone w formie dodatkowych kurs\u00f3w. Takie kursy prowadzi na przyk\u0142ad WO\u015aP czy Polski Czerwony Krzy\u017c. Przynosi to zamierzony skutek, coraz cz\u0119\u015bciej s\u0142yszymy w mediach, \u017ce nastolatka zareagowa\u0142a i uratowa\u0142a komu\u015b \u017cycie podczas, gdy doro\u015bli nie wiedzieli jak zareagowa\u0107 lub dziecko wiedzia\u0142o, \u017ce trzeba zadzwoni\u0107 na pogotowie. Mam wra\u017cenie, \u017ce dzieci cz\u0119\u015bciej potrafi\u0105 si\u0119gn\u0105\u0107 po swoj\u0105 wiedz\u0119 i ruszy\u0107 by ratowa\u0107 drugiego cz\u0142owieka, bo nie my\u015bl\u0105 o wszystkich mo\u017cliwych konsekwencjach, skupiaj\u0105 si\u0119 na tym co naprawd\u0119 wa\u017cne \u2013 ratowaniu \u017cycia. A co z doros\u0142ymi? Ka\u017cdy kiedy\u015b spotka\u0142 si\u0119 z jak\u0105\u015b form\u0105 kursu pierwszej pomocy, na lekcjach PO, w harcerstwie czy pracy, ka\u017cdy widzia\u0142 \u201eco\u015b\u201d w telewizji, ale cho\u0107 wiedza o ratownictwie medycznym jest powszechna, nie ka\u017cdy potrafi wykorzysta\u0107 j\u0105 w praktyce. Wiele razy widzia\u0142am jak ludzie omijali le\u017c\u0105c\u0105 na \u0142awce osob\u0119, m\u00f3wi\u0105c \u201epewnie pijany\u201d, rzadko kto\u015b si\u0119 zatrzyma i zapyta czy dany cz\u0142owiek nie potrzebuje pomocy. Ka\u017cdy obywatel ma okre\u015blone prawem obowi\u0105zki, je\u015bli stanie si\u0119 \u015bwiadkiem wypadku. W \u015bwietle obowi\u0105zuj\u0105cych przepis\u00f3w prawa nieudzielenie pierwszej pomocy jest karalne, jednak wiele os\u00f3b jej nie udziela. Dlaczego? Powod\u00f3w jest wiele, przyk\u0142adowo: Ludzie boj\u0105 si\u0119, bo nie wiedz\u0105 jak pom\u00f3c, warto pami\u0119ta\u0107, \u017ce pomoc\u0105 jest ju\u017c zadzwonienie po karetk\u0119! Nie chc\u0105 zaszkodzi\u0107, \u017ceby potem nie zosta\u0107 pozwanym za uszkodzenie cia\u0142a lub mienia (nie nale\u017cy si\u0119 tego ba\u0107, poniewa\u017c prawo chroni ratuj\u0105cego). Boj\u0105 si\u0119, \u017ce zara\u017c\u0105 si\u0119 od poszkodowanego chorob\u0105 zaka\u017an\u0105 (dlatego warto nosi\u0107 przy sobie m.in. plastikowe r\u0119kawiczki). [1] Korzystaj\u0105c z mo\u017cliwo\u015bci chcia\u0142am przedstawi\u0107 zasady pierwszej pomocy, kt\u00f3re mog\u0105 si\u0119 ka\u017cdemu z Nas kiedy\u015b przyda\u0107 \ud83d\ude09 : Infografika pochodzi ze strony: http:\/\/www.wapteka.pl\/blog\/10-zasad-pierwszej-pomocy-infografika\/ Prawo w Polsce zobowi\u0105zuje tak\u017ce pracodawc\u00f3w do zapewnienia bezpiecze\u0144stwa i higieny w miejscu pracy. Ka\u017cdy pracownik powinien mie\u0107 dost\u0119p do odpowiednio wyposa\u017conej apteczki oraz pierwszej pomocy przedlekarskiej. Ka\u017cdy pracodawca ma obowi\u0105zek wybra\u0107 i przeszkoli\u0107 z udzielania pierwszej pomocy osob\u0119, kt\u00f3ra b\u0119dzie pe\u0142ni\u0142a rol\u0119 ratownika. Osoba ta jest odpowiedzialna za organizacj\u0119 pomocy, koordynowanie ewakuacji w razie zagro\u017cenia czy pilnowanie stanu wyposa\u017cenia firmowej apteczki. Liczba ratownik\u00f3w w firmie to przewa\u017cnie 1 osoba na 50 pracownik\u00f3w, mo\u017ce ich by\u0107 wi\u0119cej np. ze wzgl\u0119du na stopie\u0144 ryzyka w pracy. Za niski stopie\u0144 ryzyka uznawane s\u0105 biura, biblioteki, hotele, \u015bredni stopie\u0144 ryzyka to firmy zajmuj\u0105ce si\u0119 produkcj\u0105, monta\u017cem, magazynami, a wysoki stopie\u0144 ryzyka to g\u00f3rnictwo, przemys\u0142 ci\u0119\u017cki. [2] Firmy zajmuj\u0105ce si\u0119 opiek\u0105 medyczn\u0105, takie jak Luxmed, Medicover itp., w swojej dzia\u0142alno\u015bci maj\u0105 elementy ratownictwa medycznego, dzi\u0119ki wykorzystaniu kt\u00f3rych mog\u0105 anga\u017cowa\u0107 si\u0119 w projekty zwi\u0119kszaj\u0105ce bezpiecze\u0144stwo, takie jak edukacja i szkolenia pracownik\u00f3w z zakresu udzielania pierwszej pomocy. Przyk\u0142adowo &#8211; m.in. Medicover od 2006 roku organizuje mistrzostwa Ratownictwa Medycznego \u201eBezpieczna Firma\u201d, akcja ma na celu promowanie idei ratowania ludzkiego \u017cycia w ka\u017cdych warunkach.[3] Firma Volkswagen wraz z Wielk\u0105 Orkiestr\u0105 \u015awi\u0105tecznej Pomocy prowadzi program edukacyjny \u201eRatujemy i Uczymy Ratowa\u0107\u201d. Na jego inauguracji zosta\u0142a podj\u0119ta udana pr\u00f3ba pobicia rekordu Guinnessa w resuscytacji kr\u0105\u017ceniowo- oddechowej. Do bicia rekordu zg\u0142osi\u0142o si\u0119 85 030 os\u00f3b, kt\u00f3re jednocze\u015bnie \u0107wiczy\u0142y w wielu miastach. Najwi\u0119ksza grupa zebra\u0142a si\u0119 pod Pa\u0142acem Kultury i Nauki w Warszawie, pozostali uczestnicy wzi\u0119li udzia\u0142 w ustanowieniu rekordu w 868 miejscach na terenie Polski. Prowadz\u0105cym pr\u00f3b\u0119 bicia Rekordu Guinnessa by\u0142 Prezes Zarz\u0105du WO\u015aP \u2013 Jurek Owsiak. Podczas pr\u00f3by bicia Rekordu Guinnessa na placu przy Pa\u0142acu Kultury i Nauki zaprezentowano samochody, kt\u00f3re Volkswagen u\u017cyczy\u0142 na potrzeby programu \u201eRatujemy i uczymy ratowa\u0107\u201d oraz do obs\u0142ugi wolontariatu WO\u015aP \u2013 Pokojowego Patrolu. W ci\u0105gu najbli\u017cszych lat Volkswagen wsp\u00f3lnie z Wielk\u0105 Orkiestr\u0105 \u015awi\u0105tecznej Pomocy b\u0119dzie prowadzi\u0142 liczne aktywno\u015bci zwi\u0105zane z promocj\u0105 programu edukacyjnego \u201eRatujemy i Uczymy Ratowa\u0107\u201d, tak aby jak najwi\u0119cej os\u00f3b w Polsce potrafi\u0142o udzieli\u0107 pierwszej pomocy. [4] \u00a0Fundacja Wielka Orkiestra \u015awi\u0105tecznej Pomocy od lat prowadzi szkolenia z pierwszej pomocy dla dzieci i m\u0142odzie\u017cy, bezp\u0142atnie przekaza\u0142a te\u017c szko\u0142om ponad 65 000 fantom\u00f3w do nauki resuscytacji oraz podr\u0119czniki i wiele innych materia\u0142\u00f3w dydaktycznych, dodatkowo przeszkoli\u0142a nauczycieli, by mogli prowadzi\u0107 zaj\u0119cia dzieciom. Za spraw\u0105 tych inicjatyw ju\u017c ponad 2,5 miliona dzieci pozna\u0142o zasady udzielania pierwszej pomocy, a nauka resuscytacji kr\u0105\u017ceniowo \u2013 oddechowej sta\u0142a si\u0119 powszechna, bezp\u0142atna i dost\u0119pna dla wszystkich dzieci.[4] Na szcz\u0119\u015bcie ilo\u015b\u0107 ludzi, kt\u00f3rzy potrafi\u0105 pom\u00f3c systematycznie ro\u015bnie, pojawi\u0142y si\u0119 te\u017c nowe mo\u017cliwo\u015bci \u2013 rzecz, o kt\u00f3rej jeszcze 20 lat temu nikt nie marzy\u0142. Defibrylatory pojawi\u0142y si\u0119 na uczelniach, stacjach metra, a nawet w niekt\u00f3rych taks\u00f3wkach. O tym, \u017ce taks\u00f3wkarze s\u0105 doskona\u0142ym materia\u0142em na ratownik\u00f3w nie musze chyba nikogo przekonywa\u0107. S\u0105 na ulicach przez ca\u0142\u0105 dob\u0119, pierwsi mog\u0105 zareagowa\u0107 w razie wypadku, widz\u0105 wi\u0119cej ni\u017c zwyk\u0142y kierowca. Pomys\u0142, \u017ceby zostali przeszkoleni z zasad pierwszej pomocy wprowadzi\u0142a korporacja ELE Taxi, kt\u00f3rej wszyscy taks\u00f3wkarze znaj\u0105 zasady pierwszej pomocy, ale to dopiero pocz\u0105tek \ud83d\ude42 Ogromny potencja\u0142, kt\u00f3ry drzemie w korporacji taks\u00f3wkowej, a zw\u0142aszcza tak du\u017cej jak ELE (ok. 1500 pracownik\u00f3w), skomunikowanej ze sob\u0105 \u0142\u0105czno\u015bci\u0105 radiow\u0105 i telefoniczn\u0105, przebywaj\u0105cej na ulicach miasta we wszystkich jego zak\u0105tkach przez 24 godziny na dob\u0119, zosta\u0142 wykorzystany w celu ratowania ludzkich istnie\u0144. Od stycznia 2012 roku rozpocz\u0119\u0142y si\u0119 kursy z udzielania pierwszej pomocy medycznej przeznaczone dla wszystkich zatrudnionych kierowc\u00f3w. Do dzi\u015b zosta\u0142o przeszkolonych ich ponad 1600, z czego ponad 100 os\u00f3b uko\u0144czy\u0142o tak\u017ce wy\u017cszy etap &#8211; kurs ratownika drogowego PZM. Taks\u00f3wki podczas EURO 2012 by\u0142y wykorzystywane przez Wojew\u00f3dzkie Centrum Zarz\u0105dzania Kryzysowego. Trzydzie\u015bci taks\u00f3wek ELE Taxi jest wyposa\u017conych w profesjonalny sprz\u0119t do ratowania \u017cycia ludzkiego: defibrylatory AED Plus (Zoll) oraz apteczki R0. Wr\u00f3\u0107my jednak do powodu zaanga\u017cowania si\u0119 korporacji w takie dzia\u0142ania. Taks\u00f3wkarze ze wzgl\u0119du na specyfik\u0119 pracy bardzo cz\u0119sto natrafiaj\u0105 na r\u00f3\u017cnego typu zdarzenia losowe na drodze, cz\u0119sto to oni pierwsi pojawiaj\u0105 si\u0119 na miejscu wypadku, a dzi\u0119ki przeszkoleniu ich reakcja jest natychmiast owa: zabezpieczenie terenu, tele fon na pogotowie, nast\u0119pnie przyst\u0105pienie do czynno\u015bci ratuj\u0105cych zdrowie lub \u017cycie ofiary. \u00a0 Poni\u017cej przebieg kilku akcji ratowniczych z udzia\u0142em taks\u00f3wkarzy ELE Taxi, opowiadany przez nich samych (Bardzo dzi\u0119kuj\u0119 za udost\u0119pnienie materia\u0142\u00f3w Ele Taxi). Taks\u00f3wkarz Pan Adam K. \u201eMoja pierwsza akcja. Latem 2012, jad\u0105c w korku przez ul. 11 Listopada zauwa\u017cy\u0142em zbiegowisko na chodniku, na ulicy kto\u015b le\u017ca\u0142, wszyscy si\u0119 przygl\u0105dali, nikt nie stara\u0142 si\u0119 pom\u00f3c. Wjecha\u0142em na chodnik, m\u0119\u017cczyzna bez znak\u00f3w \u017cycia, krzykn\u0105\u0142em na jednego z gapi\u00f3w by wezwa\u0142 karetk\u0119, sprawdzi\u0142em funkcje \u017cyciowe, nie oddycha\u0142, brak t\u0119tna. Rozpocz\u0105\u0142em reanimacj\u0119. B\u0142yskawicznie roz\u0142o\u017cy\u0142em AED, rozerwa\u0142em koszul\u0119 le\u017c\u0105cemu, podpi\u0105\u0142em elektrody. Zaskoczy\u0142. Powoli odzyskiwa\u0142 przytomno\u015b\u0107 bezradnie rozgl\u0105daj\u0105c si\u0119 wok\u00f3\u0142. Karetka przyjecha\u0142a po 15 minutach, lekarz stwierdzi\u0142, \u017ce uratowa\u0142em mu \u017cycie.\u201d TAKS\u00d3WKARZ PAN Piotr W. \u201e17 grudnia 2013 roku. Jecha\u0142em Hynka, przede mn\u0105 dwa rozbite samochody. Zatrzyma\u0142em w\u00f3z blokuj\u0105c pas ruchu, w\u0142\u0105czy\u0142em awaryjne, za\u0142o\u017cy\u0142em kamizelk\u0119, ustawi\u0142em tr\u00f3jk\u0105t. Jeden z kierowc\u00f3w chodzi\u0142 wok\u00f3\u0142 samochod\u00f3w zdezorientowany, drugi w Renault Twingo, zakrwawiony j\u0119cza\u0142 z b\u00f3lu. \u015awiadkowi zdarzenia poleci\u0142em wezwa\u0107 pogotowie, zacz\u0105\u0142 dzwoni\u0107, zaj\u0105\u0142em si\u0119 rannym z Twingo. Za\u0142o\u017cy\u0142em opatrunki na czo\u0142o i r\u0119k\u0119, usztywni\u0142em ko\u0142nierzem szyj\u0119. Przyjecha\u0142o pogotowie i Policja. Przez nikogo nie zatrzymywany wsiad\u0142em do samochodu i ruszy\u0142em. Przyjemnie by\u0142o, gdy odje\u017cd\u017caj\u0105c us\u0142ysza\u0142em oklaski, by\u0142y skierowane do mnie.\u201d TAKS\u00d3WKARZ PAN Grzegorz M. \u201e26-go stycznia tego roku jecha\u0142em Wo\u0142osk\u0105 w stron\u0119 Galerii. Wypadek. P\u0142ugosolarka uderzy\u0142a w jad\u0105cy z przeciwnej strony samoch\u00f3d, ten w wyniku uderzenia wpad\u0142 na latarni\u0119. Zablokowa\u0142em ruch, jednemu z gapi\u00f3w kaza\u0142em wezwa\u0107 pogotowie. Kierowca rozbitego wozu narzeka\u0142 na b\u00f3l g\u0142owy i szyi, za\u0142o\u017cy\u0142em mu ko\u0142nierz ortopedyczny. Jeden z trzech siedz\u0105cych na tylnym siedzeniu pasa\u017cer \u00f3w krwawi\u0142 z ust. Zatamowa\u0142em krwawienie, sprawdzi\u0142em pozosta\u0142ych \u2013 nikomu nic si\u0119 nie sta\u0142o. Przyjecha\u0142a karetka nr 32, przekaza\u0142em im poszkodowanych. Gdy zdejmowa\u0142em kamizelk\u0119, z t\u0142umu gapi\u00f3w podszed\u0142 starszy m\u0119\u017cczyzna \u2013 dobra robota \u2013 powiedzia\u0142 \u015bciskaj\u0105c mi r\u0119k\u0119. Mi\u0142e.\u201d Taks\u00f3wkarz Pan \u0141ukasz K. \u201e24 listopada 2012, wjecha\u0142em z Marsza\u0142kowskiej w korek na Jerozolimskich. Przy hotelu Polonia zablokowane tramwaje i zbiegowisko ludzi, og\u00f3lne poruszenie. Domy\u015bli\u0142em si\u0119, \u017ce co\u015b si\u0119 sta\u0142o, przebi\u0142em si\u0119 samochodem na lewy pas, blisko miejsca zdarzenia. W pobli\u017cu tor\u00f3w le\u017ca\u0142 zakrwawiony cz\u0142owiek, nikt si\u0119 nim nie zajmowa\u0142. Ustawi\u0142em samoch\u00f3d tak by zablokowa\u0107 ewentualny ruch samochod\u00f3w i pobieg\u0142em do poszkodowanego. Mia\u0142 mocno okaleczon\u0105 g\u0142ow\u0119 \u2013 uderzy\u0142 ni\u0105 w szyb\u0119 tramwaju, kt\u00f3ra a\u017c si\u0119 roztrzaska\u0142a. Spodnie od kolan w d\u00f3\u0142 by\u0142y ca\u0142e we krwi. Krzykn\u0105\u0142em na jednego z obserwator\u00f3w zdarzenia o wezwanie karetki pogotowia i zaj\u0105\u0142em si\u0119 le\u017c\u0105cym m\u0119\u017cczyzn\u0105. By\u0142 nietrze\u017awy, w szoku. Najpierw opatrzy\u0142em g\u0142ow\u0119 \u2013 za\u0142o\u017cy\u0142em opatrunek na ran\u0119 i ko\u0142nierz ortopedyczny na szyj\u0119. Potem rozci\u0105\u0142em spodnie. P\u0142oza tramwaju poprzecina\u0142a sk\u00f3r\u0119 n\u00f3g, ko\u015bci by\u0142y ca\u0142e. Zatamowa\u0142em krwawienie, za\u0142o\u017cy\u0142em opatrunki. Przyjecha\u0142a karetka. Anglik, bo takiej narodowo\u015bci by\u0142 poszkodowany, podzi\u0119kowa\u0142 mi le\u017c\u0105c ju\u017c na noszach.\u201d TAKS\u00d3WKARZ PAN Arek R. \u201eUlica Powsi\u0144ska, wiecz\u00f3r, na lewym pasie na ukos stoi samoch\u00f3d bez \u015bwiate\u0142, wewn\u0105trz siedzi \u201ego\u015b\u0107\u201d ze spuszczon\u0105 g\u0142ow\u0105. Zatrzyma\u0142em si\u0119, otworzy\u0142em drzwi, sprawdzi\u0142em t\u0119tno \u2013 s\u0142abo wyczuwalne, bardzo p\u0142ytki oddech. Odchyli\u0142em siedzenie, g\u0142ow\u0119 przechyli\u0142em do g\u00f3ry by udro\u017cni\u0107 drogi oddechowe, wezwa\u0142em karetk\u0119. Pogotowie przyjecha\u0142o prawie natychmiast, zmierzyli cukier, hipoglikemia, zabrali go do szpitala.\u201d Dodatkowo w ramach dzia\u0142alno\u015bci AUTOMOBILKLUBU \u201eWARSZAWSKIEGO\u201d ELE taxi w 2015 roku odby\u0142o si\u0119 sporo wydarze\u0144 promuj\u0105cych pierwsz\u0105 pomoc, takich jak akcje edukacyjne w przedszkolach i szko\u0142ach: Czy te\u017c serie letnich piknik\u00f3w promuj\u0105cych bezpiecze\u0144stwo na drodze: \u00a0\u00a0\u00a0Potrzebne jest upowszechnianie tej wiedzy. Marzy mi si\u0119 \u015bwiat, w kt\u00f3rym ka\u017cdy zna zasady pierwszej pomocy, ka\u017cdy si\u0119 zatrzyma i zapyta, ka\u017cdy b\u0119dzie wiedzia\u0142, co robi\u0107. Jednak by ten idealny stan osi\u0105gn\u0105\u0107 musimy edukowa\u0107 wszystkie grupy wiekowe od najm\u0142odszych, po kluby seniora. W ka\u017cdym mo\u017cliwym miejscu, na ka\u017cdych targach i jarmarkach. Nigdy nie wiemy, komu mo\u017ce to uratowa\u0107 \u017cycie. Warto \u017ceby firmy szkoli\u0142y swoich pracownik\u00f3w, \u017ceby anga\u017cowa\u0142y si\u0119 (mo\u017ce w ramach dzia\u0142a\u0107 CSR?) w akcje szkole\u0144. Je\u015bli wykorzystamy nasze zasoby i mo\u017cliwo\u015bci, a mamy ich tak wiele, to mo\u017ce, mam nadziej\u0119, kt\u00f3rego\u015b dnia, gdy my b\u0119dziemy potrzebowali pomocy, znajdzie si\u0119 kto\u015b, kto b\u0119dzie umia\u0142 jej udzieli\u0107 i nie przejdzie oboj\u0119tnie. &nbsp; \u0179r\u00f3d\u0142a: Za materia\u0142y bardzo dzi\u0119kuj\u0119 firmie ELE taxi, kt\u00f3rej dzia\u0142ania zainspirowa\u0142y mnie do napisania tego artyku\u0142u. [1] http:\/\/kryzysowo.pl\/piec-piec-powodow-dlaczego-nie-udzielam-pierwszej-pomocy\/ [2] http:\/\/kadry.infor.pl\/bhp\/bezpieczenstwo-pracy\/310063,Obowiazki-pracodawcy-w-zakresie-pierwszej-pomocy.html [3] https:\/\/www.medicover.pl\/oferta-dla-firm\/ratownictwo-medyczne\/bezpieczna-firma\/ [4] http:\/\/wde.warszawa.pl\/volkswagen-partnerem-programu-edukacyjnego-ratujemy-uczymy-ratowac-oraz-pokojowego-patrolu-wielkiej-orkiestry-swiatecznej-pomocy\/ Inne: FILMIK https:\/\/sds.wp.tv\/2906330-h.webm https:\/\/portal.abczdrowie.pl\/udzielanie-pierwszej-pomocy-przedmedycznej<\/p>\n","protected":false},"author":1,"featured_media":496,"comment_status":"open","ping_status":"open","sticky":false,"template":"","format":"standard","meta":{"om_disable_all_campaigns":false,"_monsterinsights_skip_tracking":false,"_monsterinsights_sitenote_active":false,"_monsterinsights_sitenote_note":"","_monsterinsights_sitenote_category":0,"_uf_show_specific_survey":0,"_uf_disable_surveys":false,"footnotes":""},"categories":[1],"tags":[],"class_list":["post-495","post","type-post","status-publish","format-standard","has-post-thumbnail","hentry","category-uncategorized"],"aioseo_notices":[],"_links":{"self":[{"href":"https:\/\/poczuj-miete-do-csr.pl\/index.php\/wp-json\/wp\/v2\/posts\/495","targetHints":{"allow":["GET"]}}],"collection":[{"href":"https:\/\/poczuj-miete-do-csr.pl\/index.php\/wp-json\/wp\/v2\/posts"}],"about":[{"href":"https:\/\/poczuj-miete-do-csr.pl\/index.php\/wp-json\/wp\/v2\/types\/post"}],"author":[{"embeddable":true,"href":"https:\/\/poczuj-miete-do-csr.pl\/index.php\/wp-json\/wp\/v2\/users\/1"}],"replies":[{"embeddable":true,"href":"https:\/\/poczuj-miete-do-csr.pl\/index.php\/wp-json\/wp\/v2\/comments?post=495"}],"version-history":[{"count":0,"href":"https:\/\/poczuj-miete-do-csr.pl\/index.php\/wp-json\/wp\/v2\/posts\/495\/revisions"}],"wp:featuredmedia":[{"embeddable":true,"href":"https:\/\/poczuj-miete-do-csr.pl\/index.php\/wp-json\/"}],"wp:attachment":[{"href":"https:\/\/poczuj-miete-do-csr.pl\/index.php\/wp-json\/wp\/v2\/media?parent=495"}],"wp:term":[{"taxonomy":"category","embeddable":true,"href":"https:\/\/poczuj-miete-do-csr.pl\/index.php\/wp-json\/wp\/v2\/categories?post=495"},{"taxonomy":"post_tag","embeddable":true,"href":"https:\/\/poczuj-miete-do-csr.pl\/index.php\/wp-json\/wp\/v2\/tags?post=495"}],"curies":[{"name":"wp","href":"https:\/\/api.w.org\/{rel}","templated":true}]}}