{"id":794,"date":"2017-06-26T09:06:36","date_gmt":"2017-06-26T07:06:36","guid":{"rendered":"http:\/\/poczuj-miete-do-csr.blog.pl\/?p=794"},"modified":"2025-12-18T13:46:37","modified_gmt":"2025-12-18T13:46:37","slug":"dobra-karma-do-nas-wraca-wywiad-z-sybill-berwid-wojtowicz-czesc-1","status":"publish","type":"post","link":"https:\/\/poczuj-miete-do-csr.pl\/index.php\/2017\/06\/26\/dobra-karma-do-nas-wraca-wywiad-z-sybill-berwid-wojtowicz-czesc-1\/","title":{"rendered":"Dobra Karma do nas wraca &#8211; wywiad z Sybill\u0105 Berwid-W\u00f3jtowicz cz\u0119\u015b\u0107 1"},"content":{"rendered":"\n<p>Wywiad sk\u0142ada si\u0119 z 3 cz\u0119\u015bci, ka\u017cda jest inna ale r\u00f3wnie ciekawa \ud83d\ude09 dzi\u015b poznajmy lepiej naszego niezwyk\u0142ego go\u015bcia&nbsp;Dr n.wet. Sybilla Berwid-W\u00f3jtowicz, ju\u017c jutro dowiecie si\u0119 wi\u0119cej&nbsp;m.in. programie Pets@Work, a pojutrze&nbsp;&nbsp;o Adopciakach i a tak\u017ce -o wiele wiele wi\u0119cej \ud83d\ude42 Zapraszam co lektury!<\/p>\n\n\n\n<figure class=\"wp-block-image size-large\"><img loading=\"lazy\" decoding=\"async\" width=\"765\" height=\"1024\" src=\"http:\/\/poczuj-miete-do-csr.pl\/wp-content\/uploads\/2017\/06\/CYMERA_20170104_133458-1-765x1024.jpg\" alt=\"\" class=\"wp-image-2524\" srcset=\"https:\/\/poczuj-miete-do-csr.pl\/wp-content\/uploads\/2017\/06\/CYMERA_20170104_133458-1-765x1024.jpg 765w, https:\/\/poczuj-miete-do-csr.pl\/wp-content\/uploads\/2017\/06\/CYMERA_20170104_133458-1-224x300.jpg 224w, https:\/\/poczuj-miete-do-csr.pl\/wp-content\/uploads\/2017\/06\/CYMERA_20170104_133458-1-768x1028.jpg 768w, https:\/\/poczuj-miete-do-csr.pl\/wp-content\/uploads\/2017\/06\/CYMERA_20170104_133458-1-1147x1536.jpg 1147w, https:\/\/poczuj-miete-do-csr.pl\/wp-content\/uploads\/2017\/06\/CYMERA_20170104_133458-1-1530x2048.jpg 1530w, https:\/\/poczuj-miete-do-csr.pl\/wp-content\/uploads\/2017\/06\/CYMERA_20170104_133458-1-1140x1526.jpg 1140w, https:\/\/poczuj-miete-do-csr.pl\/wp-content\/uploads\/2017\/06\/CYMERA_20170104_133458-1-scaled.jpg 1912w\" sizes=\"auto, (max-width: 765px) 100vw, 765px\" \/><figcaption class=\"wp-element-caption\">Hisilicon Balong<\/figcaption><\/figure>\n\n\n\n<p><em>W holu firmy Nestl\u00e9 Purina przywita\u0142a mnie u\u015bmiechem Dr n.wet. Sybilla Berwid-W\u00f3jtowicz oraz weso\u0142ymi machni\u0119ciami ogona jej urocza suczka &#8211; Pixie:) Purina jest firm\u0105 niezwyk\u0142\u0105 poniewa\u017c funkcjonuje w niej program #Pets@Work, w ramach kt\u00f3rego Pixie mog\u0142a nam towarzyszy\u0107. Jak ka\u017cdy pies bior\u0105cy w nim udzia\u0142, ju\u017c przy wej\u015bciu musia\u0142a potwierdzi\u0107 swoj\u0105 obecno\u015b\u0107 piecz\u0105tk\u0105 w specjalnym \u201epaszporcie\u201d. Po sprawach formalnych nasza czworono\u017cna kole\u017canka na r\u0119kach swojej Pani przekroczy\u0142a pr\u00f3g biura po czym towarzyszy\u0142a Nam w drodze do salki konferencyjnej. Rozsiad\u0142y\u015bmy si\u0119 we 3 na krzes\u0142ach i przy pysznej kawie #Nespresso rozpocz\u0119\u0142y\u015bmy nasz wywiad<\/em><\/p>\n\n\n\n<p><b style=\"font-size: 1.4rem;\"><i>Sybill, czytaj\u0105c informacje o Tobie znalezione w Internecie nie mog\u0119 wyj\u015b\u0107 z podziwu \u2013 osi\u0105gn\u0119\u0142a\u015b sukces na p\u0142aszczy\u017anie naukowej, Tw\u00f3j dorobek publicystyczny robi ogromne wra\u017cenie (jestem \u201etylko\u201d blogerk\u0105, ale wiem ile czasu, zajmuje mi napisanie jednego artyku\u0142u), odnosisz sukcesy w mi\u0119dzynarodowej korporacji, a ponad to wszystko znajdujesz jeszcze czas na prowadzenie prelekcji, szkole\u0144 i wyk\u0142ad\u00f3w, prowadz\u0105c jednocze\u015bnie bloga \u2013 czy mog\u0142aby\u015b nam zdradzi\u0107 \u2013 jak uda\u0142o Ci si\u0119 to wszystko po\u0142\u0105czy\u0107?<\/i><\/b><\/p>\n\n\n\n<p>Bardzo dzi\u0119kuj\u0119 za s\u0142owa uznania, jednak chcia\u0142abym troch\u0119 sprostowa\u0107. Wydaje mi si\u0119, \u017ce wszyscy zak\u0142adamy sobie pewne cele do zrealizowania \u2013 ja te\u017c, oczywi\u015bcie na miar\u0119 naszych mo\u017cliwo\u015bci. Potem jest to ju\u017c kwestia organizacji. Je\u017celi z g\u00f3ry za\u0142o\u017cymy sobi<span style=\"font-size: 1.4rem;\">e, \u017ce zrobi\u0119 \u201eto\u201d (a b\u0119dzie to co\u015b osi\u0105galnego), to po prostu \u201eto\u201d robi\u0119. Staram si\u0119 nie porywa\u0107 z motyk\u0105 na s\u0142o\u0144ce, s\u0105dz\u0119 \u017ce to kwestia naszego punktu odniesienia, wiary we w\u0142asne mo\u017cliwo\u015bci oraz organizacji. Jako nastolatka musia\u0142am pogodzi\u0107 dwie szko\u0142y \u2013 przedpo\u0142udniow\u0105 podstaw\u00f3wk\u0119 a potem liceum, z popo\u0142udnio<\/span><span style=\"font-size: 1.4rem;\">w\u0105 6-letni\u0105 \u015bredni\u0105 szko\u0142\u0105 muzyczn\u0105. To mnie nauczy\u0142o \u017cy\u0107 z kalendarzem od najm\u0142odszych lat.<\/span><\/p>\n\n\n\n<p><b><i>Uzyska\u0142a\u015b tytu\u0142 specjalistki \u017cywienia klinicznego po studiach podyplomowych na Uniwersytecie Medycznym w Warszawie, prowadzisz tak\u017ce bloga po\u015bwi\u0119conego dietetyce dla os\u00f3b chorych na nowotwory (www.onkokuchnia.blogspot.com) czy mog\u0142aby\u015b moim czytelnikom wi\u0119cej o nim powiedzie\u0107? <\/i><\/b>&nbsp;<b><i><\/i><\/b><\/p>\n\n\n\n<p>Sko\u0144czy\u0142am kszta\u0142cenie podyplomowe \u201ePoradnictwo dietetyczne\u201d w Instytucie \u017bywno\u015bci i \u017bywienia Cz\u0142owieka, oraz dwa lata p\u00f3\u017aniej studia podyplomowe na Uniwersytecie Medycznym \u201e\u017bywienie Kliniczne\u201d, aby nikt mi nie zarzuci\u0142 \u017ce w edukacji dietetycznej, kt\u00f3r\u0105 prowadz\u0119 nie orientuj\u0119 si\u0119 w zasadach dotycz\u0105cych ludzi. Aby mie\u0107 tytu\u0142 i pracowa\u0107 jako dietetyk w Polsce trzeba mie\u0107 uko\u0144czone \u015brednie lub wy\u017csze studia z dietetyki \u2013 ale oczywi\u015bcie jest to jeden z zawod\u00f3w, w kt\u00f3rym olbrzymia nonszalancja samouk\u00f3w i samozwa\u0144c\u00f3w prowadzi do dezinformacji pacjent\u00f3w i spo\u0142ecze\u0144stwa. Bloga prowadz\u0119 po w\u0142asnym do\u015bwiadczeniu onkologicznym, zach\u0119cona ci\u0105g\u0142ymi zapytaniami ze strony zar\u00f3wno personelu medycznego jak i ze strony pacjent\u00f3w w jaki spos\u00f3b o siebie dbam. Na pocz\u0105tku ba\u0142am si\u0119 pisa\u0107 do pacjent\u00f3w, ale zosta\u0142am zach\u0119cona przez czo\u0142owych lekarzy zajmuj\u0105cych si\u0119 \u017cywieniem klinicznym w Polsce. I tak si\u0119 zacz\u0119\u0142o. A wszystkich zainteresowanych odsy\u0142am do mojego \u201edekalogu\u201d kt\u00f3ry by\u0142 drukowany w dodatku Zdrowie w Rzeczpospolitej tu\u017c przed \u015bwi\u0119tami, a do kt\u00f3rego tre\u015bci link znajdziecie tu (www.onkokuchnia.blogspot.com).<\/p>\n\n\n\n<p><b><i>Je\u015bli nie jest to zbyt osobiste pytanie, to chcia\u0142abym, aby\u015b opowiedzia\u0142a w jaki spos\u00f3b Twoja choroba wp\u0142yn\u0119\u0142a na Twoj\u0105 prac\u0119? Z jak\u0105 reakcj\u0105 pracodawcy si\u0119 spotka\u0142a\u015b?<\/i><\/b><\/p>\n\n\n\n<p>W momencie w&nbsp; kt\u00f3rym okaza\u0142o si\u0119, \u017ce mam raka, posz\u0142am do mojego szefa i powiedzia\u0142am mu jak wygl\u0105da sytuacja. O tym, \u017ce jestem w trakcie diagnozowania onkologicznego i w ci\u0105gu kilku miesi\u0119cy zaczn\u0119 leczenie, kt\u00f3re mo\u017ce mniej lub bardziej wp\u0142yn\u0105\u0107 na jako\u015b\u0107 mojej pracy. Dlatego chcia\u0142am wyst\u0105pi\u0107 o elastyczny czas pracy, mo\u017cliwo\u015b\u0107 pracy z domu.&nbsp; Dzi\u015b mo\u017cliwo\u015b\u0107 pracy zdalnej, przy obecnym poziomie cyfryzacji, jest mo\u017cliwa na bardzo wielu stanowiskach. Firma udost\u0119pni\u0142a mi tak\u0105 mo\u017cliwo\u015b\u0107, ale pierwsza propozycja jaka pad\u0142a by\u0142a taka, \u017ce mog\u0119 p\u00f3j\u015b\u0107 na tak d\u0142ugi urlop jaki b\u0119d\u0119 potrzebowa\u0142a, i \u017ce dla firmy nie stanowi to \u017cadnego problemu. By\u0142o to bardzo buduj\u0105ce bo z relacji wielu znajomych os\u00f3b wiem, \u017ce niekt\u00f3re firmy zachowa\u0142y by si\u0119 w zupe\u0142nie inny spos\u00f3b i otrzymywa\u0142am (p\u0142yn\u0105ce z dobrych intencji) rady, by jak najszybciej p\u00f3j\u015b\u0107 na zwolnienie lekarskie, \u017ceby pracodawca mnie nie zwolni\u0142. Ca\u0142e szcz\u0119\u015bcie w Nestl\u00e9 Purina nie mia\u0142am si\u0119 czego obawia\u0107.<\/p>\n\n\n\n<p>Nie wyobra\u017cam sobie mojego \u017cycia bez pracy, wi\u0119c opcja urlopu nie wchodzi\u0142a w gr\u0119. Zwolnienie mnie z obowi\u0105zk\u00f3w z pracy i zabranie tej motywacji, kt\u00f3r\u0105 ona mi daje prawdopodobnie by mnie dobi\u0142o. To te\u017c m\u00f3wi si\u0119 bardzo cz\u0119sto &#8211; \u017ceby Ci pacjenci, kt\u00f3rzy mog\u0105, absolutnie w pracy uczestniczyli, bo jest to jeden z element\u00f3w, kt\u00f3ry mobilizuje do funkcjonowania. Trzeba oczywi\u015bcie rozgraniczy\u0107: prace fizyczne nie s\u0105 wskazane, ale praca biurowa czy tw\u00f3rcza sprawia, \u017ce cz\u0142owiek funkcjonuje prawie normalnie.<\/p>\n\n\n\n<p>Ja te\u017c pracowa\u0142am praktycznie normalnie, w\u0142a\u015bciwie tylko z takimi przerwami zwi\u0105zanymi z leczeniem (wlewami chemioterapii) co ok. 2 tygodnie na kilka dni. Niekt\u00f3re osoby w firmie nie zorientowa\u0142y si\u0119, \u017ce co\u015b si\u0119 dzieje, mimo tego, \u017ce mia\u0142am peruki, kt\u00f3re by\u0142y zupe\u0142nie innymi fryzurami \ud83d\ude42 To naprawd\u0119 nie by\u0142o tak widoczne, czasem bardziej nam si\u0119 wydaje, \u017ce inni to dostrzegaj\u0105. Nawet je\u015bli nie masz brwi i rz\u0119s, \u017c\u00f3\u0142ty odcie\u0144 sk\u00f3ry i jeste\u015b podpuchni\u0119ta od steryd\u00f3w, z \u0142atwo\u015bci\u0105 mo\u017cesz zrobi\u0107 z siebie \u201eb\u00f3stwo\u201d. Choroba te\u017c zmobilizowa\u0142a mnie do regularnego dbania o moj\u0105 sk\u00f3r\u0119 i nauczy\u0142am si\u0119 precyzyjniej malowa\u0107, co pozosta\u0142o warto\u015bci\u0105 sam\u0105 w sobie.<\/p>\n\n\n\n<p>W trakcie leczenia, z dzia\u0142u firmy Nestl\u00e9 Health Science, kt\u00f3ry zajmuje si\u0119 specjalistycznymi produktami zastosowania dietetycznego czyli od\u017cywkami dla pacjent\u00f3w i \u017cywieniem klinicznym, zosta\u0142am obdarowana wielk\u0105 paczk\u0105. Oczywi\u015bcie na pocz\u0105tku, jak pewnie ka\u017cdy pacjent, m\u00f3wi\u0142am, \u017ce nie trzeba, ja si\u0119 b\u0119d\u0119 normalnie od\u017cywia\u0107, ale to nie jest takie \u0142atwe. Jestem im bardzo wdzi\u0119czna, bo nie ma co si\u0119 zmusza\u0107, trzeba si\u0119 umie\u0107 przyzna\u0107 do tego, \u017ce s\u0105 takie dni, kiedy cz\u0142owiek nie jest w stanie zje\u015b\u0107 nawet kanapki i wtedy funkcjonowanie na takich preparatach w napoju jak Resource jest du\u017co \u0142atwiejsze. Trzy-cztery takie napoje pokrywaj\u0105 dzienne zapotrzebowanie, dzi\u0119ki nim lepiej znosi si\u0119 chorob\u0119, szybciej dochodzi do siebie np. po operacjach. Zacz\u0119\u0142am wi\u0119c propagowa\u0107 t\u0105 wiedz\u0119 w\u015br\u00f3d pacjent\u00f3w, bo panuje dziwne przekonanie, \u017ce \u017cywienie przemys\u0142owe jest sztuczne i ludzie nieufnie do niego podchodz\u0105. Natomiast je\u015bli jest dobrze przygotowane i bezpieczne to przed\u0142u\u017ca \u017cycie nasze i naszych zwierz\u0105t.<\/p>\n\n\n\n<p><b><i>Prowadzisz bloga po\u015bwi\u0119conego dietetyce dla os\u00f3b z chorobami onkologicznymi \u2013 mo\u017cesz nam opowiedzie\u0107, kiedy postanowi\u0142a\u015b podzieli\u0107 si\u0119 swoimi do\u015bwiadczeniami z innymi?<\/i><\/b><\/p>\n\n\n\n<p>W czasie choroby pozna\u0142am wiele os\u00f3b z zewn\u0105trz, ale tak\u017ce wewn\u0105trz firmy, kt\u00f3re choruj\u0105 przewlekle, kt\u00f3re pyta\u0142y mnie o to \u201ejak ja to robi\u0119\u201d- jak sobie radz\u0119? W jaki spos\u00f3b dbam o siebie, \u017ce w tak dobry spos\u00f3b przechodz\u0119 przez t\u0105 chorob\u0119. W moim odczuciu nie robi\u0142am nic nadzwyczajnego, ale w Polsce, kiedy jeste\u015b zadowolony, robisz co\u015b dobrze to o tym nie piszesz. O wiele cz\u0119\u015bciej pisz\u0105 \u201ehejterzy\u201d i to oni s\u0105 najg\u0142o\u015bnie<br>jsi. Ma\u0142o jest za to pozytywnej afirmacji tego typu inicjatyw, niestety \u201e my Polacy\u201d lubimy narzeka\u0107, wida\u0107 to te\u017c w wielu badaniach.<\/p>\n\n\n\n<p>Przyk\u0142adowo: pami\u0119tam, jak mia\u0142am i\u015b\u0107 na przeszczep kom\u00f3rek macierzystych szpiku kostnego, kt\u00f3ry by\u0142 zwi\u0105zany z zamkni\u0119ciem w izolacji przez kilka tygodni. Zacz\u0119\u0142am patrze\u0107 co jest w Internecie napisane o tej procedurze przeszczepowej i si\u0119 przerazi\u0142am &#8211; by\u0142o tak du\u017co negatywnych informacji, \u017ce nic dziwnego, \u017ce ludzie si\u0119 ich boj\u0105. R\u00f3wnolegle lecz\u0105ca si\u0119 ze mn\u0105 dziewczyna nie odwa\u017cy\u0142a si\u0119 na przeszczep, zrezygnowa\u0142a z tej cz\u0119\u015bci leczenia.<\/p>\n\n\n\n<p>Ludzie na podstawie takich negatywnych, nieprawdziwych opinii s\u0105 wprowadzani w b\u0142\u0105d. Niekt\u00f3rzy, z r\u00f3\u017cnych pobudek bardzo eksponuj\u0105 sw\u00f3j \u017cal i b\u00f3l, a ma\u0142o jest pozytywnych informacji, a te dobre chwile w chorobie te\u017c wyst\u0119puj\u0105 i warto je afirmowa\u0107. Dodatkowo pisa\u0142o do mnie wiele os\u00f3b z pytaniami, wi\u0119c postanowi\u0142am stworzy\u0107 miejsce, w kt\u00f3rym poka\u017c\u0119 ,jak to wygl\u0105da i jak sobie z tym radzi\u0107. Tym sposobem w po\u0142owie choroby zacz\u0119\u0142am prowadzi\u0107 bloga (www.chemosfera.blogspot.com), kt\u00f3ry potem wstecznie uzupe\u0142ni\u0142am, przez ca\u0142y okres przebywania w izolacji codziennie pisa\u0142am notatki z kr\u00f3tkim filmikiem. Bardzo mnie to mobilizowa\u0142o, pokazywa\u0142am blaski i cienie, ale przede wszystkim to, \u017ce to nie jest nic strasznego, \u017ce jest to po prostu \u201esilniejsza chemia\u201d, kt\u00f3ra owszem powoduje wi\u0119ksze spustoszenie w organizmie i gorsze samopoczucie, ale naprawd\u0119 da si\u0119 nad tym wszystkim zapanowa\u0107.<\/p>\n\n\n\n<p>Znam dziewczyn\u0119, kt\u00f3ra mia\u0142a 3 przeszczepy, z ka\u017cdego wychodzi\u0142a jak skowronek i ona mi pokaza\u0142a, \u017ce to wcale nie jest takie straszne. Jest niezwyk\u0142a osob\u0105, kt\u00f3ra od dawna walczy z chemiooporn\u0105 chorob\u0105, wed\u0142ug lekarzy nie powinno jej tu ju\u017c by\u0107, a ona wci\u0105\u017c walczy, jest zawsze u\u015bmiechni\u0119ta i si\u0119 nie daje. Tacy ludzie nakr\u0119caj\u0105 mnie do pozytywnych dzia\u0142a\u0144 i szerzenia wiary w samego Siebie.<\/p>\n\n\n\n<p>Natchn\u0119\u0142y mnie te\u017c osoby, kt\u00f3re by\u0142y obok mnie, kt\u00f3re swoim optymizmem, spokojem wewn\u0119trznym&nbsp; i u\u015bmiechem \u0142ama\u0142y wszystkie medyczne konwenanse. Te osoby z r\u00f3\u017cnych powod\u00f3w nie dziel\u0105 si\u0119 tym co prze\u017cywaj\u0105 i osi\u0105gaj\u0105, ale wynika to z ludzkiej natury &#8211; niekt\u00f3rzy s\u0105 bardziej lub mniej otwarci. Ja jestem bardzo otwarta i mi\u0119dzy innymi dlatego, w kt\u00f3rym\u015b momencie poprosi\u0142am o krew. Odzew mnie zaskoczy\u0142 bo z ca\u0142ej Polski zacz\u0119\u0142y p\u0142yn\u0105\u0107 do mnie za\u015bwiadczenia o oddaniu krwi dla mnie, pami\u0119tam sklep \u201eFafik\u201d z po\u0142udnia Polski, kt\u00f3ry zebra\u0142 dla mnie 9 jednostek krwi. Wtedy otworzy\u0142am m\u00f3j profil na Facebooku i jest on otwarty do dzi\u015b. Chce pokaza\u0107 tym osobom, \u017ce funkcjonuje &#8211; m\u00f3j profil obserwuje bardzo wiele os\u00f3b, 1\/3 to pacjentami onkologiczni na r\u00f3\u017cnym etapie leczenia, kt\u00f3rzy czerpi\u0105 inspiracj\u0119 i si\u0142\u0119 z mojego do\u015bwiadczenia i codziennego funkcjonowania. S\u0105 blaski i cienie codzienno\u015bci, ale to pozytywne nastawienie w \u017cyciu trzeba mie\u0107, potem to ju\u017c tylko kwestia organizacji.<\/p>\n\n\n\n<p>Obecnie pisz\u0119 notatk\u0119 na bloga oko\u0142o raz w miesi\u0105cu, pisz\u0119 te\u017c cykliczne artyku\u0142y do \u201eG\u0142osu Pacjenta Onkologicznego\u201d ( http:\/\/www.pkopo.pl\/glos_pacjenta_onkologicznego), przynajmniej raz do roku co\u015b takiego wi\u0119kszego recenzowanego do \u201ePulsu Medycyny\u201d (http:\/\/pulsmedycyny.pl\/). Artyku\u0142 recenzowany zajmuje du\u017co wi\u0119cej czasu, to taka ma\u0142a praca dyplomowa. Mniej czasu mam na artyku\u0142y o zwierz\u0119tach, ale mo\u017cna je znale\u017a\u0107 w&nbsp; \u201eWeterynaria w Praktyce\u201d ( http:\/\/www.weterynaria.elamed.pl\/) i \u201eMagazynie Weterynaryjnym\u201d ( https:\/\/www.magwet.pl\/).<\/p>\n\n\n\n<div>\n<p><i>Dzi\u0119kuje, \u017ce podzieli\u0142a\u015b si\u0119 z nami swoimi do\u015bwiadczeniami. Twoja opowie\u015b\u0107 inspiruje Nas, \u017ceby nie poddawa\u0107 si\u0119 kiedy napotykamy trudno\u015bci. Podziwiam si\u0142\u0119 Twojego charakteru i to, \u017ce tak du\u017co dajesz z siebie innym, nie tylko dzielisz si\u0119 &nbsp;u\u015bmiechem i&nbsp; pozytywn\u0105 energi\u0105, ale r\u00f3wnie\u017c radzisz i podnosisz na duchu. Gdyby wi\u0119cej by\u0142o tej pozytywnej afirmacji dobrych rzeczy \u015awiat wygl\u0105da\u0142 by zupe\u0142nie inaczej. <\/i><\/p>\n<p><i>Tu ko\u0144czymy pierwsz\u0105 cz\u0119\u015b\u0107 naszego wywiadu. Ju\u017c wkr\u00f3tce zapraszam do lektury cz\u0119\u015bci drugiej, w kt\u00f3rej porozmawiamy z Sybill o &nbsp;programie &nbsp;#Pest@Work, o tym jak wygl\u0105da\u0142o<\/i>&nbsp;<i> jego wprowadzanie i o tym co on daje pracownikom i ich pupilom \ud83d\ude42<\/i><i><br><\/i><\/p>\n<p><blockquote class=\"wp-embedded-content\" data-secret=\"HebKKQvkQJ\"><a href=\"https:\/\/poczuj-miete-do-csr.pl\/index.php\/2017\/06\/27\/dobra-karma-do-nas-wraca-wywiad-z-sybilla-berwid-wojtowicz-czesc-2\/\">Dobra Karma do nas wraca &#8211; wywiad z Sybill\u0105 Berwid-W\u00f3jtowicz cz\u0119\u015b\u0107 2<\/a><\/blockquote><iframe loading=\"lazy\" class=\"wp-embedded-content\" sandbox=\"allow-scripts\" security=\"restricted\" style=\"position: absolute; visibility: hidden;\" title=\"&#8222;Dobra Karma do nas wraca &#8211; wywiad z Sybill\u0105 Berwid-W\u00f3jtowicz cz\u0119\u015b\u0107 2&#8221; &#8212; Poczuj mi\u0119t\u0119 do CSR\" src=\"https:\/\/poczuj-miete-do-csr.pl\/index.php\/2017\/06\/27\/dobra-karma-do-nas-wraca-wywiad-z-sybilla-berwid-wojtowicz-czesc-2\/embed\/#?secret=EGNhM0MaKY#?secret=HebKKQvkQJ\" data-secret=\"HebKKQvkQJ\" width=\"600\" height=\"338\" frameborder=\"0\" marginwidth=\"0\" marginheight=\"0\" scrolling=\"no\"><\/iframe><\/p>\n<figure><a href=\"http:\/\/poczuj-miete-do-csr.pl\/wp-content\/uploads\/2017\/06\/syb.jpg\"><img loading=\"lazy\" decoding=\"async\" class=\"size-full wp-image-799 alignleft\" src=\"http:\/\/poczuj-miete-do-csr.pl\/wp-content\/uploads\/2017\/06\/syb.jpg\" alt=\"syb\" width=\"200\" height=\"200\"><\/a><\/figure><p><strong>Sybilla Berwid-W\u00f3jtowicz<\/strong> specjalizuje si\u0119 w dziedzinie dietoprofilaktyki ludzi i zwierz\u0105t towarzysz\u0105cych. Skupia si\u0119 na potwierdzonych naukowo i klinicznie skutecznych rozwi\u0105zaniach, od wielu lat kszta\u0142c\u0105c si\u0119 w tej dziedzinie (mgr in\u017c zootechniki [2002], dr nauk weterynaryjnych SGGW [2007], doradca dietetyczny \u2013 Instytut \u017bywno\u015bci i \u017bywienia Cz\u0142owieka [2013], specjalista \u017cywienia klinicznego \u2013 Uniwersytet Medyczny w Warszawie [2015]). Od dekady regularnie publikuje w czasopismach specjalistycznych i popularnych, ma na koncie ok. 200 publikacji. Prowadzi liczne prelekcje, szkolenia i wyk\u0142ady w kraju i Europie Centralnej (po angielsku) z dziedziny dietoprofialaktyki nie tylko ps\u00f3w i kot\u00f3w, ale tak\u017ce motywacji pacjent\u00f3w onkologicznych, powo\u0142uj\u0105c si\u0119 na w\u0142asne do\u015bwiadczenie agresywnego leczenia w latach 2012-2013. Jest regularnie zapraszana do medi\u00f3w i konsultuje publikacje z zakresu swojej specjalizacji. Linki do wyst\u0105pie\u0144 TV i wybrane teksty mo\u017cna podejrze\u0107 na stronie: www.dietoprofilaktyka.blogspot.com www.onkokuchnia.blogspot.com<\/p>\n<\/div>\n\n\n\n<p><i>&nbsp;<\/i><\/p>\n","protected":false},"excerpt":{"rendered":"<p>Wywiad sk\u0142ada si\u0119 z 3 cz\u0119\u015bci, ka\u017cda jest inna ale r\u00f3wnie ciekawa \ud83d\ude09 dzi\u015b poznajmy lepiej naszego niezwyk\u0142ego go\u015bcia&nbsp;Dr n.wet. Sybilla Berwid-W\u00f3jtowicz, ju\u017c jutro dowiecie si\u0119 wi\u0119cej&nbsp;m.in. programie Pets@Work, a pojutrze&nbsp;&nbsp;o Adopciakach i a tak\u017ce -o wiele wiele wi\u0119cej \ud83d\ude42 Zapraszam co lektury! W holu firmy Nestl\u00e9 Purina przywita\u0142a mnie u\u015bmiechem Dr n.wet. Sybilla Berwid-W\u00f3jtowicz oraz weso\u0142ymi machni\u0119ciami ogona jej urocza suczka &#8211; Pixie:) Purina jest firm\u0105 niezwyk\u0142\u0105 poniewa\u017c funkcjonuje w niej program #Pets@Work, w ramach kt\u00f3rego Pixie mog\u0142a nam towarzyszy\u0107. Jak ka\u017cdy pies bior\u0105cy w nim udzia\u0142, ju\u017c przy wej\u015bciu musia\u0142a potwierdzi\u0107 swoj\u0105 obecno\u015b\u0107 piecz\u0105tk\u0105 w specjalnym \u201epaszporcie\u201d. Po sprawach formalnych nasza czworono\u017cna kole\u017canka na r\u0119kach swojej Pani przekroczy\u0142a pr\u00f3g biura po czym towarzyszy\u0142a Nam w drodze do salki konferencyjnej. Rozsiad\u0142y\u015bmy si\u0119 we 3 na krzes\u0142ach i przy pysznej kawie #Nespresso rozpocz\u0119\u0142y\u015bmy nasz wywiad Sybill, czytaj\u0105c informacje o Tobie znalezione w Internecie nie mog\u0119 wyj\u015b\u0107 z podziwu \u2013 osi\u0105gn\u0119\u0142a\u015b sukces na p\u0142aszczy\u017anie naukowej, Tw\u00f3j dorobek publicystyczny robi ogromne wra\u017cenie (jestem \u201etylko\u201d blogerk\u0105, ale wiem ile czasu, zajmuje mi napisanie jednego artyku\u0142u), odnosisz sukcesy w mi\u0119dzynarodowej korporacji, a ponad to wszystko znajdujesz jeszcze czas na prowadzenie prelekcji, szkole\u0144 i wyk\u0142ad\u00f3w, prowadz\u0105c jednocze\u015bnie bloga \u2013 czy mog\u0142aby\u015b nam zdradzi\u0107 \u2013 jak uda\u0142o Ci si\u0119 to wszystko po\u0142\u0105czy\u0107? Bardzo dzi\u0119kuj\u0119 za s\u0142owa uznania, jednak chcia\u0142abym troch\u0119 sprostowa\u0107. Wydaje mi si\u0119, \u017ce wszyscy zak\u0142adamy sobie pewne cele do zrealizowania \u2013 ja te\u017c, oczywi\u015bcie na miar\u0119 naszych mo\u017cliwo\u015bci. Potem jest to ju\u017c kwestia organizacji. Je\u017celi z g\u00f3ry za\u0142o\u017cymy sobie, \u017ce zrobi\u0119 \u201eto\u201d (a b\u0119dzie to co\u015b osi\u0105galnego), to po prostu \u201eto\u201d robi\u0119. Staram si\u0119 nie porywa\u0107 z motyk\u0105 na s\u0142o\u0144ce, s\u0105dz\u0119 \u017ce to kwestia naszego punktu odniesienia, wiary we w\u0142asne mo\u017cliwo\u015bci oraz organizacji. Jako nastolatka musia\u0142am pogodzi\u0107 dwie szko\u0142y \u2013 przedpo\u0142udniow\u0105 podstaw\u00f3wk\u0119 a potem liceum, z popo\u0142udniow\u0105 6-letni\u0105 \u015bredni\u0105 szko\u0142\u0105 muzyczn\u0105. To mnie nauczy\u0142o \u017cy\u0107 z kalendarzem od najm\u0142odszych lat. Uzyska\u0142a\u015b tytu\u0142 specjalistki \u017cywienia klinicznego po studiach podyplomowych na Uniwersytecie Medycznym w Warszawie, prowadzisz tak\u017ce bloga po\u015bwi\u0119conego dietetyce dla os\u00f3b chorych na nowotwory (www.onkokuchnia.blogspot.com) czy mog\u0142aby\u015b moim czytelnikom wi\u0119cej o nim powiedzie\u0107? &nbsp; Sko\u0144czy\u0142am kszta\u0142cenie podyplomowe \u201ePoradnictwo dietetyczne\u201d w Instytucie \u017bywno\u015bci i \u017bywienia Cz\u0142owieka, oraz dwa lata p\u00f3\u017aniej studia podyplomowe na Uniwersytecie Medycznym \u201e\u017bywienie Kliniczne\u201d, aby nikt mi nie zarzuci\u0142 \u017ce w edukacji dietetycznej, kt\u00f3r\u0105 prowadz\u0119 nie orientuj\u0119 si\u0119 w zasadach dotycz\u0105cych ludzi. Aby mie\u0107 tytu\u0142 i pracowa\u0107 jako dietetyk w Polsce trzeba mie\u0107 uko\u0144czone \u015brednie lub wy\u017csze studia z dietetyki \u2013 ale oczywi\u015bcie jest to jeden z zawod\u00f3w, w kt\u00f3rym olbrzymia nonszalancja samouk\u00f3w i samozwa\u0144c\u00f3w prowadzi do dezinformacji pacjent\u00f3w i spo\u0142ecze\u0144stwa. Bloga prowadz\u0119 po w\u0142asnym do\u015bwiadczeniu onkologicznym, zach\u0119cona ci\u0105g\u0142ymi zapytaniami ze strony zar\u00f3wno personelu medycznego jak i ze strony pacjent\u00f3w w jaki spos\u00f3b o siebie dbam. Na pocz\u0105tku ba\u0142am si\u0119 pisa\u0107 do pacjent\u00f3w, ale zosta\u0142am zach\u0119cona przez czo\u0142owych lekarzy zajmuj\u0105cych si\u0119 \u017cywieniem klinicznym w Polsce. I tak si\u0119 zacz\u0119\u0142o. A wszystkich zainteresowanych odsy\u0142am do mojego \u201edekalogu\u201d kt\u00f3ry by\u0142 drukowany w dodatku Zdrowie w Rzeczpospolitej tu\u017c przed \u015bwi\u0119tami, a do kt\u00f3rego tre\u015bci link znajdziecie tu (www.onkokuchnia.blogspot.com). Je\u015bli nie jest to zbyt osobiste pytanie, to chcia\u0142abym, aby\u015b opowiedzia\u0142a w jaki spos\u00f3b Twoja choroba wp\u0142yn\u0119\u0142a na Twoj\u0105 prac\u0119? Z jak\u0105 reakcj\u0105 pracodawcy si\u0119 spotka\u0142a\u015b? W momencie w&nbsp; kt\u00f3rym okaza\u0142o si\u0119, \u017ce mam raka, posz\u0142am do mojego szefa i powiedzia\u0142am mu jak wygl\u0105da sytuacja. O tym, \u017ce jestem w trakcie diagnozowania onkologicznego i w ci\u0105gu kilku miesi\u0119cy zaczn\u0119 leczenie, kt\u00f3re mo\u017ce mniej lub bardziej wp\u0142yn\u0105\u0107 na jako\u015b\u0107 mojej pracy. Dlatego chcia\u0142am wyst\u0105pi\u0107 o elastyczny czas pracy, mo\u017cliwo\u015b\u0107 pracy z domu.&nbsp; Dzi\u015b mo\u017cliwo\u015b\u0107 pracy zdalnej, przy obecnym poziomie cyfryzacji, jest mo\u017cliwa na bardzo wielu stanowiskach. Firma udost\u0119pni\u0142a mi tak\u0105 mo\u017cliwo\u015b\u0107, ale pierwsza propozycja jaka pad\u0142a by\u0142a taka, \u017ce mog\u0119 p\u00f3j\u015b\u0107 na tak d\u0142ugi urlop jaki b\u0119d\u0119 potrzebowa\u0142a, i \u017ce dla firmy nie stanowi to \u017cadnego problemu. By\u0142o to bardzo buduj\u0105ce bo z relacji wielu znajomych os\u00f3b wiem, \u017ce niekt\u00f3re firmy zachowa\u0142y by si\u0119 w zupe\u0142nie inny spos\u00f3b i otrzymywa\u0142am (p\u0142yn\u0105ce z dobrych intencji) rady, by jak najszybciej p\u00f3j\u015b\u0107 na zwolnienie lekarskie, \u017ceby pracodawca mnie nie zwolni\u0142. Ca\u0142e szcz\u0119\u015bcie w Nestl\u00e9 Purina nie mia\u0142am si\u0119 czego obawia\u0107. Nie wyobra\u017cam sobie mojego \u017cycia bez pracy, wi\u0119c opcja urlopu nie wchodzi\u0142a w gr\u0119. Zwolnienie mnie z obowi\u0105zk\u00f3w z pracy i zabranie tej motywacji, kt\u00f3r\u0105 ona mi daje prawdopodobnie by mnie dobi\u0142o. To te\u017c m\u00f3wi si\u0119 bardzo cz\u0119sto &#8211; \u017ceby Ci pacjenci, kt\u00f3rzy mog\u0105, absolutnie w pracy uczestniczyli, bo jest to jeden z element\u00f3w, kt\u00f3ry mobilizuje do funkcjonowania. Trzeba oczywi\u015bcie rozgraniczy\u0107: prace fizyczne nie s\u0105 wskazane, ale praca biurowa czy tw\u00f3rcza sprawia, \u017ce cz\u0142owiek funkcjonuje prawie normalnie. Ja te\u017c pracowa\u0142am praktycznie normalnie, w\u0142a\u015bciwie tylko z takimi przerwami zwi\u0105zanymi z leczeniem (wlewami chemioterapii) co ok. 2 tygodnie na kilka dni. Niekt\u00f3re osoby w firmie nie zorientowa\u0142y si\u0119, \u017ce co\u015b si\u0119 dzieje, mimo tego, \u017ce mia\u0142am peruki, kt\u00f3re by\u0142y zupe\u0142nie innymi fryzurami \ud83d\ude42 To naprawd\u0119 nie by\u0142o tak widoczne, czasem bardziej nam si\u0119 wydaje, \u017ce inni to dostrzegaj\u0105. Nawet je\u015bli nie masz brwi i rz\u0119s, \u017c\u00f3\u0142ty odcie\u0144 sk\u00f3ry i jeste\u015b podpuchni\u0119ta od steryd\u00f3w, z \u0142atwo\u015bci\u0105 mo\u017cesz zrobi\u0107 z siebie \u201eb\u00f3stwo\u201d. Choroba te\u017c zmobilizowa\u0142a mnie do regularnego dbania o moj\u0105 sk\u00f3r\u0119 i nauczy\u0142am si\u0119 precyzyjniej malowa\u0107, co pozosta\u0142o warto\u015bci\u0105 sam\u0105 w sobie. W trakcie leczenia, z dzia\u0142u firmy Nestl\u00e9 Health Science, kt\u00f3ry zajmuje si\u0119 specjalistycznymi produktami zastosowania dietetycznego czyli od\u017cywkami dla pacjent\u00f3w i \u017cywieniem klinicznym, zosta\u0142am obdarowana wielk\u0105 paczk\u0105. Oczywi\u015bcie na pocz\u0105tku, jak pewnie ka\u017cdy pacjent, m\u00f3wi\u0142am, \u017ce nie trzeba, ja si\u0119 b\u0119d\u0119 normalnie od\u017cywia\u0107, ale to nie jest takie \u0142atwe. Jestem im bardzo wdzi\u0119czna, bo nie ma co si\u0119 zmusza\u0107, trzeba si\u0119 umie\u0107 przyzna\u0107 do tego, \u017ce s\u0105 takie dni, kiedy cz\u0142owiek nie jest w stanie zje\u015b\u0107 nawet kanapki i wtedy funkcjonowanie na takich preparatach w napoju jak Resource jest du\u017co \u0142atwiejsze. Trzy-cztery takie napoje pokrywaj\u0105 dzienne zapotrzebowanie, dzi\u0119ki nim lepiej znosi si\u0119 chorob\u0119, szybciej dochodzi do siebie np. po operacjach. Zacz\u0119\u0142am wi\u0119c propagowa\u0107 t\u0105 wiedz\u0119 w\u015br\u00f3d pacjent\u00f3w, bo panuje dziwne przekonanie, \u017ce \u017cywienie przemys\u0142owe jest sztuczne i ludzie nieufnie do niego podchodz\u0105. Natomiast je\u015bli jest dobrze przygotowane i bezpieczne to przed\u0142u\u017ca \u017cycie nasze i naszych zwierz\u0105t. Prowadzisz bloga po\u015bwi\u0119conego dietetyce dla os\u00f3b z chorobami onkologicznymi \u2013 mo\u017cesz nam opowiedzie\u0107, kiedy postanowi\u0142a\u015b podzieli\u0107 si\u0119 swoimi do\u015bwiadczeniami z innymi? W czasie choroby pozna\u0142am wiele os\u00f3b z zewn\u0105trz, ale tak\u017ce wewn\u0105trz firmy, kt\u00f3re choruj\u0105 przewlekle, kt\u00f3re pyta\u0142y mnie o to \u201ejak ja to robi\u0119\u201d- jak sobie radz\u0119? W jaki spos\u00f3b dbam o siebie, \u017ce w tak dobry spos\u00f3b przechodz\u0119 przez t\u0105 chorob\u0119. W moim odczuciu nie robi\u0142am nic nadzwyczajnego, ale w Polsce, kiedy jeste\u015b zadowolony, robisz co\u015b dobrze to o tym nie piszesz. O wiele cz\u0119\u015bciej pisz\u0105 \u201ehejterzy\u201d i to oni s\u0105 najg\u0142o\u015bniejsi. Ma\u0142o jest za to pozytywnej afirmacji tego typu inicjatyw, niestety \u201e my Polacy\u201d lubimy narzeka\u0107, wida\u0107 to te\u017c w wielu badaniach. Przyk\u0142adowo: pami\u0119tam, jak mia\u0142am i\u015b\u0107 na przeszczep kom\u00f3rek macierzystych szpiku kostnego, kt\u00f3ry by\u0142 zwi\u0105zany z zamkni\u0119ciem w izolacji przez kilka tygodni. Zacz\u0119\u0142am patrze\u0107 co jest w Internecie napisane o tej procedurze przeszczepowej i si\u0119 przerazi\u0142am &#8211; by\u0142o tak du\u017co negatywnych informacji, \u017ce nic dziwnego, \u017ce ludzie si\u0119 ich boj\u0105. R\u00f3wnolegle lecz\u0105ca si\u0119 ze mn\u0105 dziewczyna nie odwa\u017cy\u0142a si\u0119 na przeszczep, zrezygnowa\u0142a z tej cz\u0119\u015bci leczenia. Ludzie na podstawie takich negatywnych, nieprawdziwych opinii s\u0105 wprowadzani w b\u0142\u0105d. Niekt\u00f3rzy, z r\u00f3\u017cnych pobudek bardzo eksponuj\u0105 sw\u00f3j \u017cal i b\u00f3l, a ma\u0142o jest pozytywnych informacji, a te dobre chwile w chorobie te\u017c wyst\u0119puj\u0105 i warto je afirmowa\u0107. Dodatkowo pisa\u0142o do mnie wiele os\u00f3b z pytaniami, wi\u0119c postanowi\u0142am stworzy\u0107 miejsce, w kt\u00f3rym poka\u017c\u0119 ,jak to wygl\u0105da i jak sobie z tym radzi\u0107. Tym sposobem w po\u0142owie choroby zacz\u0119\u0142am prowadzi\u0107 bloga (www.chemosfera.blogspot.com), kt\u00f3ry potem wstecznie uzupe\u0142ni\u0142am, przez ca\u0142y okres przebywania w izolacji codziennie pisa\u0142am notatki z kr\u00f3tkim filmikiem. Bardzo mnie to mobilizowa\u0142o, pokazywa\u0142am blaski i cienie, ale przede wszystkim to, \u017ce to nie jest nic strasznego, \u017ce jest to po prostu \u201esilniejsza chemia\u201d, kt\u00f3ra owszem powoduje wi\u0119ksze spustoszenie w organizmie i gorsze samopoczucie, ale naprawd\u0119 da si\u0119 nad tym wszystkim zapanowa\u0107. Znam dziewczyn\u0119, kt\u00f3ra mia\u0142a 3 przeszczepy, z ka\u017cdego wychodzi\u0142a jak skowronek i ona mi pokaza\u0142a, \u017ce to wcale nie jest takie straszne. Jest niezwyk\u0142a osob\u0105, kt\u00f3ra od dawna walczy z chemiooporn\u0105 chorob\u0105, wed\u0142ug lekarzy nie powinno jej tu ju\u017c by\u0107, a ona wci\u0105\u017c walczy, jest zawsze u\u015bmiechni\u0119ta i si\u0119 nie daje. Tacy ludzie nakr\u0119caj\u0105 mnie do pozytywnych dzia\u0142a\u0144 i szerzenia wiary w samego Siebie. Natchn\u0119\u0142y mnie te\u017c osoby, kt\u00f3re by\u0142y obok mnie, kt\u00f3re swoim optymizmem, spokojem wewn\u0119trznym&nbsp; i u\u015bmiechem \u0142ama\u0142y wszystkie medyczne konwenanse. Te osoby z r\u00f3\u017cnych powod\u00f3w nie dziel\u0105 si\u0119 tym co prze\u017cywaj\u0105 i osi\u0105gaj\u0105, ale wynika to z ludzkiej natury &#8211; niekt\u00f3rzy s\u0105 bardziej lub mniej otwarci. Ja jestem bardzo otwarta i mi\u0119dzy innymi dlatego, w kt\u00f3rym\u015b momencie poprosi\u0142am o krew. Odzew mnie zaskoczy\u0142 bo z ca\u0142ej Polski zacz\u0119\u0142y p\u0142yn\u0105\u0107 do mnie za\u015bwiadczenia o oddaniu krwi dla mnie, pami\u0119tam sklep \u201eFafik\u201d z po\u0142udnia Polski, kt\u00f3ry zebra\u0142 dla mnie 9 jednostek krwi. Wtedy otworzy\u0142am m\u00f3j profil na Facebooku i jest on otwarty do dzi\u015b. Chce pokaza\u0107 tym osobom, \u017ce funkcjonuje &#8211; m\u00f3j profil obserwuje bardzo wiele os\u00f3b, 1\/3 to pacjentami onkologiczni na r\u00f3\u017cnym etapie leczenia, kt\u00f3rzy czerpi\u0105 inspiracj\u0119 i si\u0142\u0119 z mojego do\u015bwiadczenia i codziennego funkcjonowania. S\u0105 blaski i cienie codzienno\u015bci, ale to pozytywne nastawienie w \u017cyciu trzeba mie\u0107, potem to ju\u017c tylko kwestia organizacji. Obecnie pisz\u0119 notatk\u0119 na bloga oko\u0142o raz w miesi\u0105cu, pisz\u0119 te\u017c cykliczne artyku\u0142y do \u201eG\u0142osu Pacjenta Onkologicznego\u201d ( http:\/\/www.pkopo.pl\/glos_pacjenta_onkologicznego), przynajmniej raz do roku co\u015b takiego wi\u0119kszego recenzowanego do \u201ePulsu Medycyny\u201d (http:\/\/pulsmedycyny.pl\/). Artyku\u0142 recenzowany zajmuje du\u017co wi\u0119cej czasu, to taka ma\u0142a praca dyplomowa. Mniej czasu mam na artyku\u0142y o zwierz\u0119tach, ale mo\u017cna je znale\u017a\u0107 w&nbsp; \u201eWeterynaria w Praktyce\u201d ( http:\/\/www.weterynaria.elamed.pl\/) i \u201eMagazynie Weterynaryjnym\u201d ( https:\/\/www.magwet.pl\/). Dzi\u0119kuje, \u017ce podzieli\u0142a\u015b si\u0119 z nami swoimi do\u015bwiadczeniami. Twoja opowie\u015b\u0107 inspiruje Nas, \u017ceby nie poddawa\u0107 si\u0119 kiedy napotykamy trudno\u015bci. Podziwiam si\u0142\u0119 Twojego charakteru i to, \u017ce tak du\u017co dajesz z siebie innym, nie tylko dzielisz si\u0119 &nbsp;u\u015bmiechem i&nbsp; pozytywn\u0105 energi\u0105, ale r\u00f3wnie\u017c radzisz i podnosisz na duchu. Gdyby wi\u0119cej by\u0142o tej pozytywnej afirmacji dobrych rzeczy \u015awiat wygl\u0105da\u0142 by zupe\u0142nie inaczej. Tu ko\u0144czymy pierwsz\u0105 cz\u0119\u015b\u0107 naszego wywiadu. Ju\u017c wkr\u00f3tce zapraszam do lektury cz\u0119\u015bci drugiej, w kt\u00f3rej porozmawiamy z Sybill o &nbsp;programie &nbsp;#Pest@Work, o tym jak wygl\u0105da\u0142o&nbsp; jego wprowadzanie i o tym co on daje pracownikom i ich pupilom \ud83d\ude42 Dobra Karma do nas wraca &#8211; wywiad z Sybill\u0105 Berwid-W\u00f3jtowicz cz\u0119\u015b\u0107 2 Sybilla Berwid-W\u00f3jtowicz specjalizuje si\u0119 w dziedzinie dietoprofilaktyki ludzi i zwierz\u0105t towarzysz\u0105cych. Skupia si\u0119 na potwierdzonych naukowo i klinicznie skutecznych rozwi\u0105zaniach, od wielu lat kszta\u0142c\u0105c si\u0119 w tej dziedzinie (mgr in\u017c zootechniki [2002], dr nauk weterynaryjnych SGGW [2007], doradca dietetyczny \u2013 Instytut \u017bywno\u015bci i \u017bywienia Cz\u0142owieka [2013], specjalista \u017cywienia klinicznego \u2013 Uniwersytet Medyczny w Warszawie [2015]). Od dekady regularnie publikuje w czasopismach specjalistycznych i popularnych, ma na koncie ok. 200 publikacji. Prowadzi liczne prelekcje, szkolenia i wyk\u0142ady w kraju i Europie Centralnej (po angielsku) z dziedziny dietoprofialaktyki nie tylko ps\u00f3w i kot\u00f3w, ale tak\u017ce motywacji pacjent\u00f3w onkologicznych, powo\u0142uj\u0105c si\u0119 na w\u0142asne do\u015bwiadczenie agresywnego leczenia w latach 2012-2013. Jest regularnie zapraszana do medi\u00f3w i konsultuje publikacje z zakresu swojej specjalizacji. Linki do wyst\u0105pie\u0144 TV i wybrane teksty mo\u017cna podejrze\u0107 na stronie: www.dietoprofilaktyka.blogspot.com www.onkokuchnia.blogspot.com &nbsp;<\/p>\n","protected":false},"author":1,"featured_media":2524,"comment_status":"open","ping_status":"open","sticky":false,"template":"","format":"standard","meta":{"om_disable_all_campaigns":false,"_monsterinsights_skip_tracking":false,"_monsterinsights_sitenote_active":false,"_monsterinsights_sitenote_note":"","_monsterinsights_sitenote_category":0,"_uf_show_specific_survey":0,"_uf_disable_surveys":false,"footnotes":""},"categories":[15],"tags":[],"class_list":["post-794","post","type-post","status-publish","format-standard","has-post-thumbnail","hentry","category-wywiad"],"aioseo_notices":[],"_links":{"self":[{"href":"https:\/\/poczuj-miete-do-csr.pl\/index.php\/wp-json\/wp\/v2\/posts\/794","targetHints":{"allow":["GET"]}}],"collection":[{"href":"https:\/\/poczuj-miete-do-csr.pl\/index.php\/wp-json\/wp\/v2\/posts"}],"about":[{"href":"https:\/\/poczuj-miete-do-csr.pl\/index.php\/wp-json\/wp\/v2\/types\/post"}],"author":[{"embeddable":true,"href":"https:\/\/poczuj-miete-do-csr.pl\/index.php\/wp-json\/wp\/v2\/users\/1"}],"replies":[{"embeddable":true,"href":"https:\/\/poczuj-miete-do-csr.pl\/index.php\/wp-json\/wp\/v2\/comments?post=794"}],"version-history":[{"count":2,"href":"https:\/\/poczuj-miete-do-csr.pl\/index.php\/wp-json\/wp\/v2\/posts\/794\/revisions"}],"predecessor-version":[{"id":2538,"href":"https:\/\/poczuj-miete-do-csr.pl\/index.php\/wp-json\/wp\/v2\/posts\/794\/revisions\/2538"}],"wp:featuredmedia":[{"embeddable":true,"href":"https:\/\/poczuj-miete-do-csr.pl\/index.php\/wp-json\/wp\/v2\/media\/2524"}],"wp:attachment":[{"href":"https:\/\/poczuj-miete-do-csr.pl\/index.php\/wp-json\/wp\/v2\/media?parent=794"}],"wp:term":[{"taxonomy":"category","embeddable":true,"href":"https:\/\/poczuj-miete-do-csr.pl\/index.php\/wp-json\/wp\/v2\/categories?post=794"},{"taxonomy":"post_tag","embeddable":true,"href":"https:\/\/poczuj-miete-do-csr.pl\/index.php\/wp-json\/wp\/v2\/tags?post=794"}],"curies":[{"name":"wp","href":"https:\/\/api.w.org\/{rel}","templated":true}]}}